{"id":556,"date":"2016-11-18T15:27:31","date_gmt":"2016-11-18T21:27:31","guid":{"rendered":"http:\/\/estudiosgenealogicos.org\/choreno\/?p=556"},"modified":"2023-07-14T10:36:59","modified_gmt":"2023-07-14T16:36:59","slug":"556-2","status":"publish","type":"post","link":"https:\/\/estudiosgenealogicos.org\/choreno\/556-2\/","title":{"rendered":"Habitaciones po\u00e9ticas del espacio p\u00fablico"},"content":{"rendered":"\n<p class=\"has-text-align-center wp-block-paragraph\"><strong>ART\u00cdCULO EN LIBRO<\/strong><\/p>\n\n\n\n<p class=\"has-text-align-left wp-block-paragraph\">G\u00d3MEZ CHORE\u00d1O, Rafael:&nbsp;<strong>\u201cHabitaciones po\u00e9ticas del espacio p\u00fablico: montajes y desmontajes de la violencia\u201d<\/strong>,&nbsp;en Arturo Aguirre, Anel Nochebuena y Mar\u00eda del Carmen Garc\u00eda Aguilar (comps.), <i>Estudios para la no-violencia 2. Pensar las&nbsp;especialidades, el da\u00f1o y el testimonio<\/i>. M\u00e9xico, Af\u00ednita Editorial M\u00e9xico \/ 3 Norte Editorial, Instituto Municipal de Arte y Cultura de Puebla, 2016, 53-76.<\/p>\n\n\n\n<p class=\"has-text-align-left wp-block-paragraph\">[ISBN AFINITA: 978-607-8013-40-1 \/&nbsp;ISBN 3 NORTE: 978-607-8123-47-6]<\/p>\n\n\n\n<p class=\"has-text-align-left wp-block-paragraph\"><strong><span style=\"color: #0000ff\">Disponible en l\u00ednea en:<\/span><\/strong> &lt;<a href=\"https:\/\/www.researchgate.net\/publication\/315706322_ESTUDIOS_PARA_LA_NO-VIOLENCIA_2_PENSAR_LAS_ESPACIALIDADES_EL_DANO_Y_EL_TESTIMONIO\" target=\"_blank\" rel=\"noopener noreferrer\">https:\/\/www.researchgate.net\/publication\/315706322_ESTUDIOS_PARA_LA_NO-VIOLENCIA_2_PENSAR_LAS_ESPACIALIDADES_EL_DANO_Y_EL_TESTIMONIO<\/a>&gt;.<\/p>\n\n\n<div class=\"wp-block-image\">\n<figure class=\"aligncenter is-resized\"><img decoding=\"async\" src=\"http:\/\/estudiosgenealogicos.org\/choreno\/files\/2018\/05\/Estudios-para-la-no-violencia-2-194x300.jpeg\" alt=\"\" class=\"wp-image-559\" style=\"width:350px\" width=\"350\" srcset=\"https:\/\/estudiosgenealogicos.org\/choreno\/files\/2018\/05\/Estudios-para-la-no-violencia-2-194x300.jpeg 194w, https:\/\/estudiosgenealogicos.org\/choreno\/files\/2018\/05\/Estudios-para-la-no-violencia-2.jpeg 577w\" sizes=\"(max-width: 194px) 100vw, 194px\" \/><\/figure>\n<\/div>","protected":false},"excerpt":{"rendered":"<p>ART\u00cdCULO EN LIBRO G\u00d3MEZ CHORE\u00d1O, Rafael:&nbsp;\u201cHabitaciones po\u00e9ticas del espacio p\u00fablico: montajes y desmontajes de la violencia\u201d,&nbsp;en Arturo Aguirre, Anel Nochebuena y Mar\u00eda del Carmen Garc\u00eda Aguilar (comps.), Estudios para la no-violencia 2. Pensar las&nbsp;especialidades, el da\u00f1o y el testimonio. M\u00e9xico, &hellip; <a href=\"https:\/\/estudiosgenealogicos.org\/choreno\/556-2\/\">Sigue leyendo <span class=\"meta-nav\">&rarr;<\/span><\/a><\/p>\n","protected":false},"author":6,"featured_media":0,"comment_status":"open","ping_status":"open","sticky":false,"template":"","format":"standard","meta":{"_bbp_topic_count":0,"_bbp_reply_count":0,"_bbp_total_topic_count":0,"_bbp_total_reply_count":0,"_bbp_voice_count":0,"_bbp_anonymous_reply_count":0,"_bbp_topic_count_hidden":0,"_bbp_reply_count_hidden":0,"_bbp_forum_subforum_count":0,"_crdt_document":"","_jetpack_memberships_contains_paid_content":false,"footnotes":""},"categories":[56,6,39,102,59,47],"tags":[],"class_list":["post-556","post","type-post","status-publish","format-standard","hentry","category-articulos-en-libros","category-avisos","category-genealogia-de-la-violencia","category-habitaciones-poeticas-del-espacio","category-publicaciones","category-violencia-y-espectaculo"],"jetpack_featured_media_url":"","jetpack_sharing_enabled":true,"_links":{"self":[{"href":"https:\/\/estudiosgenealogicos.org\/choreno\/wp-json\/wp\/v2\/posts\/556","targetHints":{"allow":["GET"]}}],"collection":[{"href":"https:\/\/estudiosgenealogicos.org\/choreno\/wp-json\/wp\/v2\/posts"}],"about":[{"href":"https:\/\/estudiosgenealogicos.org\/choreno\/wp-json\/wp\/v2\/types\/post"}],"author":[{"embeddable":true,"href":"https:\/\/estudiosgenealogicos.org\/choreno\/wp-json\/wp\/v2\/users\/6"}],"replies":[{"embeddable":true,"href":"https:\/\/estudiosgenealogicos.org\/choreno\/wp-json\/wp\/v2\/comments?post=556"}],"version-history":[{"count":10,"href":"https:\/\/estudiosgenealogicos.org\/choreno\/wp-json\/wp\/v2\/posts\/556\/revisions"}],"predecessor-version":[{"id":1084,"href":"https:\/\/estudiosgenealogicos.org\/choreno\/wp-json\/wp\/v2\/posts\/556\/revisions\/1084"}],"wp:attachment":[{"href":"https:\/\/estudiosgenealogicos.org\/choreno\/wp-json\/wp\/v2\/media?parent=556"}],"wp:term":[{"taxonomy":"category","embeddable":true,"href":"https:\/\/estudiosgenealogicos.org\/choreno\/wp-json\/wp\/v2\/categories?post=556"},{"taxonomy":"post_tag","embeddable":true,"href":"https:\/\/estudiosgenealogicos.org\/choreno\/wp-json\/wp\/v2\/tags?post=556"}],"curies":[{"name":"wp","href":"https:\/\/api.w.org\/{rel}","templated":true}]}}