{"id":803,"date":"2018-09-29T09:17:13","date_gmt":"2018-09-29T15:17:13","guid":{"rendered":"http:\/\/estudiosgenealogicos.org\/choreno\/?p=803"},"modified":"2023-07-14T10:33:04","modified_gmt":"2023-07-14T16:33:04","slug":"803-2","status":"publish","type":"post","link":"https:\/\/estudiosgenealogicos.org\/choreno\/803-2\/","title":{"rendered":"La ciudad y los perros"},"content":{"rendered":"\n<p class=\"has-text-align-center wp-block-paragraph\"><strong>ART\u00cdCULO EN LIBRO<\/strong><\/p>\n\n\n\n<p class=\"has-text-align-left wp-block-paragraph\">G\u00d3MEZ CHORE\u00d1O, Rafael \u00c1ngel: &nbsp;<strong>\u201cLa ciudad y los perros: la escena pol\u00edtica para una filosof\u00eda vagabunda<\/strong><strong>\u201d<\/strong><em>,<\/em>&nbsp;en Juan Crist\u00f3bal Cruz Revueltas, Luis Alonso Gerena Carrillo y Rafael \u00c1ngel G\u00f3mez Chore\u00f1o (coords.), <em>Fil\u00f3sofos c\u00ednicos. Aproximaciones para su estudio Universitario<\/em>. M\u00e9xico, Bonilla Artigas Editores \/ Universidad Aut\u00f3noma del Estado de Morelos, 2018, pp. 95-117. (P\u00fablica Filos\u00f3fica, 5)<\/p>\n\n\n\n<p class=\"has-text-align-left wp-block-paragraph\">[ISBN 978-607-8560-31-8 (Bonilla Artigas Editores) \/ ISBN 978-607-8519-83-5 (UAEM)]<\/p>\n\n\n<div class=\"wp-block-image\">\n<figure class=\"aligncenter is-resized\"><img decoding=\"async\" src=\"http:\/\/estudiosgenealogicos.org\/choreno\/files\/2018\/09\/Fil\u00f3sofos-c\u00ednicos-200x300.jpeg\" alt=\"\" class=\"wp-image-804\" style=\"width:350px\" width=\"350\" srcset=\"https:\/\/estudiosgenealogicos.org\/choreno\/files\/2018\/09\/Fil\u00f3sofos-c\u00ednicos-200x300.jpeg 200w, https:\/\/estudiosgenealogicos.org\/choreno\/files\/2018\/09\/Fil\u00f3sofos-c\u00ednicos.jpeg 600w\" sizes=\"(max-width: 200px) 100vw, 200px\" \/><\/figure>\n<\/div>","protected":false},"excerpt":{"rendered":"<p>ART\u00cdCULO EN LIBRO G\u00d3MEZ CHORE\u00d1O, Rafael \u00c1ngel: &nbsp;\u201cLa ciudad y los perros: la escena pol\u00edtica para una filosof\u00eda vagabunda\u201d,&nbsp;en Juan Crist\u00f3bal Cruz Revueltas, Luis Alonso Gerena Carrillo y Rafael \u00c1ngel G\u00f3mez Chore\u00f1o (coords.), Fil\u00f3sofos c\u00ednicos. Aproximaciones para su estudio Universitario. &hellip; <a href=\"https:\/\/estudiosgenealogicos.org\/choreno\/803-2\/\">Sigue leyendo <span class=\"meta-nav\">&rarr;<\/span><\/a><\/p>\n","protected":false},"author":6,"featured_media":0,"comment_status":"open","ping_status":"open","sticky":false,"template":"","format":"standard","meta":{"_bbp_topic_count":0,"_bbp_reply_count":0,"_bbp_total_topic_count":0,"_bbp_total_reply_count":0,"_bbp_voice_count":0,"_bbp_anonymous_reply_count":0,"_bbp_topic_count_hidden":0,"_bbp_reply_count_hidden":0,"_bbp_forum_subforum_count":0,"_crdt_document":"","_jetpack_memberships_contains_paid_content":false,"footnotes":""},"categories":[56,6,59],"tags":[],"class_list":["post-803","post","type-post","status-publish","format-standard","hentry","category-articulos-en-libros","category-avisos","category-publicaciones"],"jetpack_featured_media_url":"","jetpack_sharing_enabled":true,"_links":{"self":[{"href":"https:\/\/estudiosgenealogicos.org\/choreno\/wp-json\/wp\/v2\/posts\/803","targetHints":{"allow":["GET"]}}],"collection":[{"href":"https:\/\/estudiosgenealogicos.org\/choreno\/wp-json\/wp\/v2\/posts"}],"about":[{"href":"https:\/\/estudiosgenealogicos.org\/choreno\/wp-json\/wp\/v2\/types\/post"}],"author":[{"embeddable":true,"href":"https:\/\/estudiosgenealogicos.org\/choreno\/wp-json\/wp\/v2\/users\/6"}],"replies":[{"embeddable":true,"href":"https:\/\/estudiosgenealogicos.org\/choreno\/wp-json\/wp\/v2\/comments?post=803"}],"version-history":[{"count":6,"href":"https:\/\/estudiosgenealogicos.org\/choreno\/wp-json\/wp\/v2\/posts\/803\/revisions"}],"predecessor-version":[{"id":1081,"href":"https:\/\/estudiosgenealogicos.org\/choreno\/wp-json\/wp\/v2\/posts\/803\/revisions\/1081"}],"wp:attachment":[{"href":"https:\/\/estudiosgenealogicos.org\/choreno\/wp-json\/wp\/v2\/media?parent=803"}],"wp:term":[{"taxonomy":"category","embeddable":true,"href":"https:\/\/estudiosgenealogicos.org\/choreno\/wp-json\/wp\/v2\/categories?post=803"},{"taxonomy":"post_tag","embeddable":true,"href":"https:\/\/estudiosgenealogicos.org\/choreno\/wp-json\/wp\/v2\/tags?post=803"}],"curies":[{"name":"wp","href":"https:\/\/api.w.org\/{rel}","templated":true}]}}