{"id":945,"date":"2018-10-01T11:53:48","date_gmt":"2018-10-01T17:53:48","guid":{"rendered":"http:\/\/estudiosgenealogicos.org\/choreno\/?p=945"},"modified":"2020-04-16T23:33:17","modified_gmt":"2020-04-17T05:33:17","slug":"beso-de-luna-azul","status":"publish","type":"post","link":"https:\/\/estudiosgenealogicos.org\/choreno\/beso-de-luna-azul\/","title":{"rendered":"Beso de luna azul"},"content":{"rendered":"<p><iframe loading=\"lazy\" title=\"Beso de Luna Azul - Gatillourbano by Gatillourbano\" width=\"584\" height=\"400\" scrolling=\"no\" frameborder=\"no\" src=\"https:\/\/w.soundcloud.com\/player\/?visual=true&#038;url=https%3A%2F%2Fapi.soundcloud.com%2Ftracks%2F507947733&#038;show_artwork=true&#038;maxheight=876&#038;maxwidth=584\"><\/iframe><\/p>\n<p>La voz construye espacio, pero la voz po\u00e9tica construye espacios po\u00e9ticos al mismo tiempo en que destruye los espacios autoritarios de cualquier tiran\u00eda&#8230;<\/p>\n<p style=\"text-align: right;\">\u2014Rafael \u00c1ngel G\u00f3mez Chore\u00f1o\u2014<\/p>\n","protected":false},"excerpt":{"rendered":"<p>La voz construye espacio, pero la voz po\u00e9tica construye espacios po\u00e9ticos al mismo tiempo en que destruye los espacios autoritarios de cualquier tiran\u00eda&#8230; \u2014Rafael \u00c1ngel G\u00f3mez Chore\u00f1o\u2014<\/p>\n","protected":false},"author":6,"featured_media":0,"comment_status":"open","ping_status":"open","sticky":false,"template":"","format":"audio","meta":{"_bbp_topic_count":0,"_bbp_reply_count":0,"_bbp_total_topic_count":0,"_bbp_total_reply_count":0,"_bbp_voice_count":0,"_bbp_anonymous_reply_count":0,"_bbp_topic_count_hidden":0,"_bbp_reply_count_hidden":0,"_bbp_forum_subforum_count":0,"_crdt_document":"","_jetpack_memberships_contains_paid_content":false,"footnotes":""},"categories":[102,111,110,108],"tags":[],"class_list":["post-945","post","type-post","status-publish","format-audio","hentry","category-habitaciones-poeticas-del-espacio","category-la-ciudad-como-espacio-poetico","category-poesia","category-poeticas-y-retoricas-de-la-vida-civil","post_format-post-format-audio"],"jetpack_featured_media_url":"","jetpack_sharing_enabled":true,"_links":{"self":[{"href":"https:\/\/estudiosgenealogicos.org\/choreno\/wp-json\/wp\/v2\/posts\/945","targetHints":{"allow":["GET"]}}],"collection":[{"href":"https:\/\/estudiosgenealogicos.org\/choreno\/wp-json\/wp\/v2\/posts"}],"about":[{"href":"https:\/\/estudiosgenealogicos.org\/choreno\/wp-json\/wp\/v2\/types\/post"}],"author":[{"embeddable":true,"href":"https:\/\/estudiosgenealogicos.org\/choreno\/wp-json\/wp\/v2\/users\/6"}],"replies":[{"embeddable":true,"href":"https:\/\/estudiosgenealogicos.org\/choreno\/wp-json\/wp\/v2\/comments?post=945"}],"version-history":[{"count":11,"href":"https:\/\/estudiosgenealogicos.org\/choreno\/wp-json\/wp\/v2\/posts\/945\/revisions"}],"predecessor-version":[{"id":1005,"href":"https:\/\/estudiosgenealogicos.org\/choreno\/wp-json\/wp\/v2\/posts\/945\/revisions\/1005"}],"wp:attachment":[{"href":"https:\/\/estudiosgenealogicos.org\/choreno\/wp-json\/wp\/v2\/media?parent=945"}],"wp:term":[{"taxonomy":"category","embeddable":true,"href":"https:\/\/estudiosgenealogicos.org\/choreno\/wp-json\/wp\/v2\/categories?post=945"},{"taxonomy":"post_tag","embeddable":true,"href":"https:\/\/estudiosgenealogicos.org\/choreno\/wp-json\/wp\/v2\/tags?post=945"}],"curies":[{"name":"wp","href":"https:\/\/api.w.org\/{rel}","templated":true}]}}