{"id":137,"date":"2017-11-25T03:16:45","date_gmt":"2017-11-25T03:16:45","guid":{"rendered":"http:\/\/estudiosgenealogicos.org\/ciudad\/?p=137"},"modified":"2018-10-03T03:59:07","modified_gmt":"2018-10-03T03:59:07","slug":"cuerpos-nomadas","status":"publish","type":"post","link":"https:\/\/estudiosgenealogicos.org\/ciudad\/2017\/11\/25\/cuerpos-nomadas\/","title":{"rendered":"Cuerpos n\u00f3madas: los l\u00edmites de la experiencia"},"content":{"rendered":"<p><strong><img loading=\"lazy\" decoding=\"async\" class=\" wp-image-139 alignleft\" src=\"https:\/\/estudiosgenealogicos.org\/ciudad\/files\/2017\/12\/Cartel-Final-Coloquio-poder-e-impotencia-UAEMOR-663x1024.jpg\" alt=\"\" width=\"279\" height=\"424\" \/><\/strong><\/p>\n<p style=\"text-align: center\"><strong>CUERPOS N\u00d3MADAS: <\/strong><\/p>\n<p style=\"text-align: center\"><strong>LOS L\u00cdMITES DE LA EXPERIENCIA ENTRE LA IMPOTENCIA Y EL SENTIMIENTO DE IMPOTENCIA<\/strong><\/p>\n<p style=\"text-align: justify\">Ponencia le\u00edda en el <strong>Coloquio Internacional \u201cPoder e impotencia: una cuesti\u00f3n de l\u00edmites\u201d<\/strong>, que se llev\u00f3 a cabo en la Sala de Conferencias del Centro Interdisciplinario de Investigaci\u00f3n en Humanidades de la Universidad Aut\u00f3noma del Estado de Morelos, del 9 al 13 de noviembre de 2017.<\/p>\n","protected":false},"excerpt":{"rendered":"<p>CUERPOS N\u00d3MADAS: LOS L\u00cdMITES DE LA EXPERIENCIA ENTRE LA IMPOTENCIA Y EL SENTIMIENTO DE IMPOTENCIA Ponencia le\u00edda en el Coloquio Internacional \u201cPoder e impotencia: una cuesti\u00f3n de l\u00edmites\u201d, que se llev\u00f3 a cabo en la Sala de Conferencias del Centro Interdisciplinario de Investigaci\u00f3n en Humanidades de la Universidad Aut\u00f3noma del Estado de Morelos, del 9 &hellip; <\/p>\n<p class=\"link-more\"><a href=\"https:\/\/estudiosgenealogicos.org\/ciudad\/2017\/11\/25\/cuerpos-nomadas\/\" class=\"more-link\">Continuar leyendo<span class=\"screen-reader-text\"> \u00abCuerpos n\u00f3madas: los l\u00edmites de la experiencia\u00bb<\/span><\/a><\/p>\n","protected":false},"author":6,"featured_media":0,"comment_status":"open","ping_status":"open","sticky":false,"template":"","format":"standard","meta":{"_bbp_topic_count":0,"_bbp_reply_count":0,"_bbp_total_topic_count":0,"_bbp_total_reply_count":0,"_bbp_voice_count":0,"_bbp_anonymous_reply_count":0,"_bbp_topic_count_hidden":0,"_bbp_reply_count_hidden":0,"_bbp_forum_subforum_count":0,"footnotes":""},"categories":[23,25,24,5,13,4],"tags":[],"class_list":["post-137","post","type-post","status-publish","format-standard","hentry","category-cuerpos-nomadas","category-difusion","category-eventos-externos","category-la-ciudad-del-sinsentido","category-la-filosofia-vagabunda","category-poeticas-y-retoricas-de-la-vida-civil"],"_links":{"self":[{"href":"https:\/\/estudiosgenealogicos.org\/ciudad\/wp-json\/wp\/v2\/posts\/137","targetHints":{"allow":["GET"]}}],"collection":[{"href":"https:\/\/estudiosgenealogicos.org\/ciudad\/wp-json\/wp\/v2\/posts"}],"about":[{"href":"https:\/\/estudiosgenealogicos.org\/ciudad\/wp-json\/wp\/v2\/types\/post"}],"author":[{"embeddable":true,"href":"https:\/\/estudiosgenealogicos.org\/ciudad\/wp-json\/wp\/v2\/users\/6"}],"replies":[{"embeddable":true,"href":"https:\/\/estudiosgenealogicos.org\/ciudad\/wp-json\/wp\/v2\/comments?post=137"}],"version-history":[{"count":3,"href":"https:\/\/estudiosgenealogicos.org\/ciudad\/wp-json\/wp\/v2\/posts\/137\/revisions"}],"predecessor-version":[{"id":141,"href":"https:\/\/estudiosgenealogicos.org\/ciudad\/wp-json\/wp\/v2\/posts\/137\/revisions\/141"}],"wp:attachment":[{"href":"https:\/\/estudiosgenealogicos.org\/ciudad\/wp-json\/wp\/v2\/media?parent=137"}],"wp:term":[{"taxonomy":"category","embeddable":true,"href":"https:\/\/estudiosgenealogicos.org\/ciudad\/wp-json\/wp\/v2\/categories?post=137"},{"taxonomy":"post_tag","embeddable":true,"href":"https:\/\/estudiosgenealogicos.org\/ciudad\/wp-json\/wp\/v2\/tags?post=137"}],"curies":[{"name":"wp","href":"https:\/\/api.w.org\/{rel}","templated":true}]}}