{"id":153,"date":"2015-08-23T04:53:31","date_gmt":"2015-08-23T04:53:31","guid":{"rendered":"http:\/\/estudiosgenealogicos.org\/ciudad\/?p=153"},"modified":"2018-10-03T05:25:02","modified_gmt":"2018-10-03T05:25:02","slug":"el-cuerpo-como-territorio-baldio","status":"publish","type":"post","link":"https:\/\/estudiosgenealogicos.org\/ciudad\/2015\/08\/23\/el-cuerpo-como-territorio-baldio\/","title":{"rendered":"El cuerpo como territorio bald\u00edo"},"content":{"rendered":"<p><strong><img loading=\"lazy\" decoding=\"async\" class=\" wp-image-154 alignleft\" src=\"https:\/\/estudiosgenealogicos.org\/ciudad\/files\/2018\/10\/1er-Coloquio-Internacional-Filosof\u00eda-Latinoamericana-Hoy.jpg\" alt=\"\" width=\"213\" height=\"329\" \/><\/strong><\/p>\n<p>&nbsp;<\/p>\n<p style=\"text-align: center\"><strong>EL CUERPO COMO TERRITORIO BALD\u00cdO<\/strong><\/p>\n<p style=\"text-align: justify\">Ponencia le\u00edda en el <strong>1er Coloquio Internacional Filosof\u00eda Latinoamericana Hoy<\/strong> (6\u00ba Coloquio), que se llev\u00f3 a cabo en la Facultad de Ciencias Pol\u00edticas y Sociales de la UAEM, del 12 al 14 de agosto de 2015.<\/p>\n","protected":false},"excerpt":{"rendered":"<p>&nbsp; EL CUERPO COMO TERRITORIO BALD\u00cdO Ponencia le\u00edda en el 1er Coloquio Internacional Filosof\u00eda Latinoamericana Hoy (6\u00ba Coloquio), que se llev\u00f3 a cabo en la Facultad de Ciencias Pol\u00edticas y Sociales de la UAEM, del 12 al 14 de agosto de 2015.<\/p>\n","protected":false},"author":6,"featured_media":0,"comment_status":"open","ping_status":"open","sticky":false,"template":"","format":"standard","meta":{"_bbp_topic_count":0,"_bbp_reply_count":0,"_bbp_total_topic_count":0,"_bbp_total_reply_count":0,"_bbp_voice_count":0,"_bbp_anonymous_reply_count":0,"_bbp_topic_count_hidden":0,"_bbp_reply_count_hidden":0,"_bbp_forum_subforum_count":0,"footnotes":""},"categories":[25,24,14,5],"tags":[],"class_list":["post-153","post","type-post","status-publish","format-standard","hentry","category-difusion","category-eventos-externos","category-la-ciudad-de-la-furia","category-la-ciudad-del-sinsentido"],"_links":{"self":[{"href":"https:\/\/estudiosgenealogicos.org\/ciudad\/wp-json\/wp\/v2\/posts\/153","targetHints":{"allow":["GET"]}}],"collection":[{"href":"https:\/\/estudiosgenealogicos.org\/ciudad\/wp-json\/wp\/v2\/posts"}],"about":[{"href":"https:\/\/estudiosgenealogicos.org\/ciudad\/wp-json\/wp\/v2\/types\/post"}],"author":[{"embeddable":true,"href":"https:\/\/estudiosgenealogicos.org\/ciudad\/wp-json\/wp\/v2\/users\/6"}],"replies":[{"embeddable":true,"href":"https:\/\/estudiosgenealogicos.org\/ciudad\/wp-json\/wp\/v2\/comments?post=153"}],"version-history":[{"count":4,"href":"https:\/\/estudiosgenealogicos.org\/ciudad\/wp-json\/wp\/v2\/posts\/153\/revisions"}],"predecessor-version":[{"id":169,"href":"https:\/\/estudiosgenealogicos.org\/ciudad\/wp-json\/wp\/v2\/posts\/153\/revisions\/169"}],"wp:attachment":[{"href":"https:\/\/estudiosgenealogicos.org\/ciudad\/wp-json\/wp\/v2\/media?parent=153"}],"wp:term":[{"taxonomy":"category","embeddable":true,"href":"https:\/\/estudiosgenealogicos.org\/ciudad\/wp-json\/wp\/v2\/categories?post=153"},{"taxonomy":"post_tag","embeddable":true,"href":"https:\/\/estudiosgenealogicos.org\/ciudad\/wp-json\/wp\/v2\/tags?post=153"}],"curies":[{"name":"wp","href":"https:\/\/api.w.org\/{rel}","templated":true}]}}