{"id":161,"date":"2015-02-28T05:15:13","date_gmt":"2015-02-28T05:15:13","guid":{"rendered":"http:\/\/estudiosgenealogicos.org\/ciudad\/?p=161"},"modified":"2018-10-03T05:21:35","modified_gmt":"2018-10-03T05:21:35","slug":"rebeldias-y-afectividades-comunitarias","status":"publish","type":"post","link":"https:\/\/estudiosgenealogicos.org\/ciudad\/2015\/02\/28\/rebeldias-y-afectividades-comunitarias\/","title":{"rendered":"Rebeld\u00edas y afectividades comunitarias"},"content":{"rendered":"<p><strong><img loading=\"lazy\" decoding=\"async\" class=\" wp-image-163 alignleft\" src=\"https:\/\/estudiosgenealogicos.org\/ciudad\/files\/2015\/02\/Cartel-Coloquio-Vitalismo-filos\u00f3fico-664x1024.jpg\" alt=\"\" width=\"261\" height=\"400\" \/><\/strong><\/p>\n<p>&nbsp;<\/p>\n<p style=\"text-align: center\"><strong>REBELD\u00cdAS Y AFECTIVIDADES COMUNITARIAS:<\/strong><\/p>\n<p style=\"text-align: center\"><strong>EL CUERPO POL\u00cdTICO COMO COMUNIDAD VIVA<\/strong><\/p>\n<p style=\"text-align: justify\">Ponencia le\u00edda en el Coloquio \u201cVitalismo filos\u00f3fico. A 20 a\u00f1os de la muerte de Deleuze\u201d, que se llev\u00f3 a cabo en el Sal\u00f3n de Actos de la Facultad de Filosof\u00eda y Letras de la UNAM, el 16 de febrero de 2015.<\/p>\n","protected":false},"excerpt":{"rendered":"<p>&nbsp; REBELD\u00cdAS Y AFECTIVIDADES COMUNITARIAS: EL CUERPO POL\u00cdTICO COMO COMUNIDAD VIVA Ponencia le\u00edda en el Coloquio \u201cVitalismo filos\u00f3fico. A 20 a\u00f1os de la muerte de Deleuze\u201d, que se llev\u00f3 a cabo en el Sal\u00f3n de Actos de la Facultad de Filosof\u00eda y Letras de la UNAM, el 16 de febrero de 2015.<\/p>\n","protected":false},"author":6,"featured_media":0,"comment_status":"open","ping_status":"open","sticky":false,"template":"","format":"standard","meta":{"_bbp_topic_count":0,"_bbp_reply_count":0,"_bbp_total_topic_count":0,"_bbp_total_reply_count":0,"_bbp_voice_count":0,"_bbp_anonymous_reply_count":0,"_bbp_topic_count_hidden":0,"_bbp_reply_count_hidden":0,"_bbp_forum_subforum_count":0,"footnotes":""},"categories":[23,25,24,16,13,4],"tags":[],"class_list":["post-161","post","type-post","status-publish","format-standard","hentry","category-cuerpos-nomadas","category-difusion","category-eventos-externos","category-la-ciudad-en-rebeldia","category-la-filosofia-vagabunda","category-poeticas-y-retoricas-de-la-vida-civil"],"_links":{"self":[{"href":"https:\/\/estudiosgenealogicos.org\/ciudad\/wp-json\/wp\/v2\/posts\/161","targetHints":{"allow":["GET"]}}],"collection":[{"href":"https:\/\/estudiosgenealogicos.org\/ciudad\/wp-json\/wp\/v2\/posts"}],"about":[{"href":"https:\/\/estudiosgenealogicos.org\/ciudad\/wp-json\/wp\/v2\/types\/post"}],"author":[{"embeddable":true,"href":"https:\/\/estudiosgenealogicos.org\/ciudad\/wp-json\/wp\/v2\/users\/6"}],"replies":[{"embeddable":true,"href":"https:\/\/estudiosgenealogicos.org\/ciudad\/wp-json\/wp\/v2\/comments?post=161"}],"version-history":[{"count":4,"href":"https:\/\/estudiosgenealogicos.org\/ciudad\/wp-json\/wp\/v2\/posts\/161\/revisions"}],"predecessor-version":[{"id":166,"href":"https:\/\/estudiosgenealogicos.org\/ciudad\/wp-json\/wp\/v2\/posts\/161\/revisions\/166"}],"wp:attachment":[{"href":"https:\/\/estudiosgenealogicos.org\/ciudad\/wp-json\/wp\/v2\/media?parent=161"}],"wp:term":[{"taxonomy":"category","embeddable":true,"href":"https:\/\/estudiosgenealogicos.org\/ciudad\/wp-json\/wp\/v2\/categories?post=161"},{"taxonomy":"post_tag","embeddable":true,"href":"https:\/\/estudiosgenealogicos.org\/ciudad\/wp-json\/wp\/v2\/tags?post=161"}],"curies":[{"name":"wp","href":"https:\/\/api.w.org\/{rel}","templated":true}]}}