{"id":200,"date":"2018-08-12T20:33:42","date_gmt":"2018-08-12T20:33:42","guid":{"rendered":"http:\/\/estudiosgenealogicos.org\/ciudad\/?p=200"},"modified":"2018-10-03T20:58:32","modified_gmt":"2018-10-03T20:58:32","slug":"meditaciones-vagabundas-ii","status":"publish","type":"post","link":"https:\/\/estudiosgenealogicos.org\/ciudad\/2018\/08\/12\/meditaciones-vagabundas-ii\/","title":{"rendered":"Meditaciones vagabundas II"},"content":{"rendered":"<figure id=\"attachment_201\" aria-describedby=\"caption-attachment-201\" style=\"width: 584px\" class=\"wp-caption aligncenter\"><img loading=\"lazy\" decoding=\"async\" class=\"size-large wp-image-201\" src=\"https:\/\/estudiosgenealogicos.org\/ciudad\/files\/2018\/10\/Cuba-2013-1024x768.jpg\" alt=\"\" width=\"584\" height=\"438\" srcset=\"https:\/\/estudiosgenealogicos.org\/ciudad\/files\/2018\/10\/Cuba-2013-1024x768.jpg 1024w, https:\/\/estudiosgenealogicos.org\/ciudad\/files\/2018\/10\/Cuba-2013-300x225.jpg 300w, https:\/\/estudiosgenealogicos.org\/ciudad\/files\/2018\/10\/Cuba-2013-768x576.jpg 768w, https:\/\/estudiosgenealogicos.org\/ciudad\/files\/2018\/10\/Cuba-2013-400x300.jpg 400w, https:\/\/estudiosgenealogicos.org\/ciudad\/files\/2018\/10\/Cuba-2013.jpg 1280w\" sizes=\"auto, (max-width: 584px) 100vw, 584px\" \/><figcaption id=\"caption-attachment-201\" class=\"wp-caption-text\">Gatillourbano<br \/>La Habana, Cuba, 2013.<br \/>\u00a9 RAGCH<\/figcaption><\/figure>\n<p style=\"text-align: justify\">La experiencia de una ciudad depende, en muchos sentidos, de las im\u00e1genes que se mueven en nuestra alma y en nuestro cuerpo. Un aroma, un cierto sabor en la punta de la lengua, un pensamiento, un recuerdo, un sue\u00f1o\u2026<\/p>\n<p style=\"text-align: right\">\u2014<a href=\"https:\/\/pantallaydeseo.wordpress.com\/2018\/08\/12\/meditaciones-vagabundas-ii-2\/\">Rafael \u00c1ngel G\u00f3mez Chore\u00f1o<\/a>\u2014<\/p>\n","protected":false},"excerpt":{"rendered":"<p>La experiencia de una ciudad depende, en muchos sentidos, de las im\u00e1genes que se mueven en nuestra alma y en nuestro cuerpo. Un aroma, un cierto sabor en la punta de la lengua, un pensamiento, un recuerdo, un sue\u00f1o\u2026 \u2014Rafael \u00c1ngel G\u00f3mez Chore\u00f1o\u2014<\/p>\n","protected":false},"author":6,"featured_media":0,"comment_status":"open","ping_status":"open","sticky":false,"template":"","format":"standard","meta":{"_bbp_topic_count":0,"_bbp_reply_count":0,"_bbp_total_topic_count":0,"_bbp_total_reply_count":0,"_bbp_voice_count":0,"_bbp_anonymous_reply_count":0,"_bbp_topic_count_hidden":0,"_bbp_reply_count_hidden":0,"_bbp_forum_subforum_count":0,"footnotes":""},"categories":[11,26],"tags":[31],"class_list":["post-200","post","type-post","status-publish","format-standard","hentry","category-habitaciones-poeticas-del-espacio-politico","category-recursos-digitales","tag-pantalla-y-deseo"],"_links":{"self":[{"href":"https:\/\/estudiosgenealogicos.org\/ciudad\/wp-json\/wp\/v2\/posts\/200","targetHints":{"allow":["GET"]}}],"collection":[{"href":"https:\/\/estudiosgenealogicos.org\/ciudad\/wp-json\/wp\/v2\/posts"}],"about":[{"href":"https:\/\/estudiosgenealogicos.org\/ciudad\/wp-json\/wp\/v2\/types\/post"}],"author":[{"embeddable":true,"href":"https:\/\/estudiosgenealogicos.org\/ciudad\/wp-json\/wp\/v2\/users\/6"}],"replies":[{"embeddable":true,"href":"https:\/\/estudiosgenealogicos.org\/ciudad\/wp-json\/wp\/v2\/comments?post=200"}],"version-history":[{"count":1,"href":"https:\/\/estudiosgenealogicos.org\/ciudad\/wp-json\/wp\/v2\/posts\/200\/revisions"}],"predecessor-version":[{"id":202,"href":"https:\/\/estudiosgenealogicos.org\/ciudad\/wp-json\/wp\/v2\/posts\/200\/revisions\/202"}],"wp:attachment":[{"href":"https:\/\/estudiosgenealogicos.org\/ciudad\/wp-json\/wp\/v2\/media?parent=200"}],"wp:term":[{"taxonomy":"category","embeddable":true,"href":"https:\/\/estudiosgenealogicos.org\/ciudad\/wp-json\/wp\/v2\/categories?post=200"},{"taxonomy":"post_tag","embeddable":true,"href":"https:\/\/estudiosgenealogicos.org\/ciudad\/wp-json\/wp\/v2\/tags?post=200"}],"curies":[{"name":"wp","href":"https:\/\/api.w.org\/{rel}","templated":true}]}}