{"id":253,"date":"2018-09-26T03:18:00","date_gmt":"2018-09-26T03:18:00","guid":{"rendered":"http:\/\/estudiosgenealogicos.org\/ciudad\/?p=253"},"modified":"2021-02-24T01:45:57","modified_gmt":"2021-02-24T01:45:57","slug":"documental-accion-poetica-trujillo-peru","status":"publish","type":"post","link":"https:\/\/estudiosgenealogicos.org\/ciudad\/2018\/09\/26\/documental-accion-poetica-trujillo-peru\/","title":{"rendered":"Documental Acci\u00f3n Po\u00e9tica &#8211; Trujillo, Per\u00fa"},"content":{"rendered":"\n<figure class=\"wp-block-embed is-type-video is-provider-youtube wp-block-embed-youtube wp-embed-aspect-16-9 wp-has-aspect-ratio\"><div class=\"wp-block-embed__wrapper\">\n<iframe loading=\"lazy\" title=\"DOCUMENTAL - ACCI\u00d3N PO\u00c9TICA - TRUJILLO, PER\u00da\" width=\"525\" height=\"295\" src=\"https:\/\/www.youtube.com\/embed\/RILmSigrk80?feature=oembed\" frameborder=\"0\" allow=\"accelerometer; autoplay; clipboard-write; encrypted-media; gyroscope; picture-in-picture; web-share\" referrerpolicy=\"strict-origin-when-cross-origin\" allowfullscreen><\/iframe>\n<\/div><figcaption>Micro-Documental \u00abAcci\u00f3n Po\u00e9tica\u00bb, Trujillo, Per\u00fa (16 de mayo de 2013).<\/figcaption><\/figure>\n\n\n\n<p><\/p>\n","protected":false},"excerpt":{"rendered":"","protected":false},"author":20,"featured_media":0,"comment_status":"open","ping_status":"open","sticky":false,"template":"","format":"standard","meta":{"_bbp_topic_count":0,"_bbp_reply_count":0,"_bbp_total_topic_count":0,"_bbp_total_reply_count":0,"_bbp_voice_count":0,"_bbp_anonymous_reply_count":0,"_bbp_topic_count_hidden":0,"_bbp_reply_count_hidden":0,"_bbp_forum_subforum_count":0,"footnotes":""},"categories":[32,33,10,44,12,19,26],"tags":[],"class_list":["post-253","post","type-post","status-publish","format-standard","hentry","category-accion-poetica","category-arte-urbano","category-biblioteca","category-documentales","category-la-ciudad-como-espacio-poetico","category-la-ciudad-en-resistencia","category-recursos-digitales"],"_links":{"self":[{"href":"https:\/\/estudiosgenealogicos.org\/ciudad\/wp-json\/wp\/v2\/posts\/253","targetHints":{"allow":["GET"]}}],"collection":[{"href":"https:\/\/estudiosgenealogicos.org\/ciudad\/wp-json\/wp\/v2\/posts"}],"about":[{"href":"https:\/\/estudiosgenealogicos.org\/ciudad\/wp-json\/wp\/v2\/types\/post"}],"author":[{"embeddable":true,"href":"https:\/\/estudiosgenealogicos.org\/ciudad\/wp-json\/wp\/v2\/users\/20"}],"replies":[{"embeddable":true,"href":"https:\/\/estudiosgenealogicos.org\/ciudad\/wp-json\/wp\/v2\/comments?post=253"}],"version-history":[{"count":3,"href":"https:\/\/estudiosgenealogicos.org\/ciudad\/wp-json\/wp\/v2\/posts\/253\/revisions"}],"predecessor-version":[{"id":416,"href":"https:\/\/estudiosgenealogicos.org\/ciudad\/wp-json\/wp\/v2\/posts\/253\/revisions\/416"}],"wp:attachment":[{"href":"https:\/\/estudiosgenealogicos.org\/ciudad\/wp-json\/wp\/v2\/media?parent=253"}],"wp:term":[{"taxonomy":"category","embeddable":true,"href":"https:\/\/estudiosgenealogicos.org\/ciudad\/wp-json\/wp\/v2\/categories?post=253"},{"taxonomy":"post_tag","embeddable":true,"href":"https:\/\/estudiosgenealogicos.org\/ciudad\/wp-json\/wp\/v2\/tags?post=253"}],"curies":[{"name":"wp","href":"https:\/\/api.w.org\/{rel}","templated":true}]}}