{"id":259,"date":"2019-08-08T03:46:00","date_gmt":"2019-08-08T03:46:00","guid":{"rendered":"http:\/\/estudiosgenealogicos.org\/ciudad\/?p=259"},"modified":"2021-02-24T01:23:07","modified_gmt":"2021-02-24T01:23:07","slug":"entrevista-con-armando-alanis","status":"publish","type":"post","link":"https:\/\/estudiosgenealogicos.org\/ciudad\/2019\/08\/08\/entrevista-con-armando-alanis\/","title":{"rendered":"Entrevista con Armando Alan\u00eds"},"content":{"rendered":"\n<figure class=\"wp-block-embed is-type-video is-provider-youtube wp-block-embed-youtube wp-embed-aspect-16-9 wp-has-aspect-ratio\"><div class=\"wp-block-embed__wrapper\">\n<iframe loading=\"lazy\" title=\"Armando Alan\u00eds creador de Acci\u00f3n Po\u00e9tica\" width=\"525\" height=\"295\" src=\"https:\/\/www.youtube.com\/embed\/KEOP0aFey94?feature=oembed\" frameborder=\"0\" allow=\"accelerometer; autoplay; clipboard-write; encrypted-media; gyroscope; picture-in-picture; web-share\" referrerpolicy=\"strict-origin-when-cross-origin\" allowfullscreen><\/iframe>\n<\/div><figcaption>Entrevista con Armando Alan\u00eds, creador de Acci\u00f3n Po\u00e9tica, <br>Peri\u00f3dico El Nahual  (28 de enero de 2014).<\/figcaption><\/figure>\n","protected":false},"excerpt":{"rendered":"","protected":false},"author":20,"featured_media":0,"comment_status":"open","ping_status":"open","sticky":false,"template":"","format":"standard","meta":{"_bbp_topic_count":0,"_bbp_reply_count":0,"_bbp_total_topic_count":0,"_bbp_total_reply_count":0,"_bbp_voice_count":0,"_bbp_anonymous_reply_count":0,"_bbp_topic_count_hidden":0,"_bbp_reply_count_hidden":0,"_bbp_forum_subforum_count":0,"footnotes":""},"categories":[32,33,10,40,12,19,26],"tags":[],"class_list":["post-259","post","type-post","status-publish","format-standard","hentry","category-accion-poetica","category-arte-urbano","category-biblioteca","category-entrevistas","category-la-ciudad-como-espacio-poetico","category-la-ciudad-en-resistencia","category-recursos-digitales"],"_links":{"self":[{"href":"https:\/\/estudiosgenealogicos.org\/ciudad\/wp-json\/wp\/v2\/posts\/259","targetHints":{"allow":["GET"]}}],"collection":[{"href":"https:\/\/estudiosgenealogicos.org\/ciudad\/wp-json\/wp\/v2\/posts"}],"about":[{"href":"https:\/\/estudiosgenealogicos.org\/ciudad\/wp-json\/wp\/v2\/types\/post"}],"author":[{"embeddable":true,"href":"https:\/\/estudiosgenealogicos.org\/ciudad\/wp-json\/wp\/v2\/users\/20"}],"replies":[{"embeddable":true,"href":"https:\/\/estudiosgenealogicos.org\/ciudad\/wp-json\/wp\/v2\/comments?post=259"}],"version-history":[{"count":2,"href":"https:\/\/estudiosgenealogicos.org\/ciudad\/wp-json\/wp\/v2\/posts\/259\/revisions"}],"predecessor-version":[{"id":403,"href":"https:\/\/estudiosgenealogicos.org\/ciudad\/wp-json\/wp\/v2\/posts\/259\/revisions\/403"}],"wp:attachment":[{"href":"https:\/\/estudiosgenealogicos.org\/ciudad\/wp-json\/wp\/v2\/media?parent=259"}],"wp:term":[{"taxonomy":"category","embeddable":true,"href":"https:\/\/estudiosgenealogicos.org\/ciudad\/wp-json\/wp\/v2\/categories?post=259"},{"taxonomy":"post_tag","embeddable":true,"href":"https:\/\/estudiosgenealogicos.org\/ciudad\/wp-json\/wp\/v2\/tags?post=259"}],"curies":[{"name":"wp","href":"https:\/\/api.w.org\/{rel}","templated":true}]}}