{"id":88,"date":"2016-10-26T23:24:27","date_gmt":"2016-10-26T23:24:27","guid":{"rendered":"http:\/\/estudiosgenealogicos.org\/ciudad\/?p=88"},"modified":"2018-10-03T05:23:00","modified_gmt":"2018-10-03T05:23:00","slug":"transgresion-erotica-e-imaginacion-poetica","status":"publish","type":"post","link":"https:\/\/estudiosgenealogicos.org\/ciudad\/2016\/10\/26\/transgresion-erotica-e-imaginacion-poetica\/","title":{"rendered":"Transgresi\u00f3n er\u00f3tica e imaginaci\u00f3n po\u00e9tica"},"content":{"rendered":"<p><strong><img loading=\"lazy\" decoding=\"async\" class=\" wp-image-89 alignleft\" src=\"https:\/\/estudiosgenealogicos.org\/ciudad\/files\/2018\/10\/Cartel-III-Violencia-Sinaloa-663x1024.jpg\" alt=\"\" width=\"261\" height=\"400\" \/><\/strong><\/p>\n<p>&nbsp;<\/p>\n<p style=\"text-align: center\"><strong>TRANSGRESI\u00d3N ER\u00d3TICA E IMAGINACI\u00d3N PO\u00c9TICA: <\/strong><\/p>\n<p style=\"text-align: center\"><strong>POTENCIAS DE UNA MIRADA INTEMPESTIVA<\/strong><\/p>\n<p style=\"text-align: justify\">Ponencia le\u00edda en el <strong>3er Coloquio Nacional sobre Violencia<\/strong>, que se llev\u00f3 a cabo en la Facultad de Filosof\u00eda y Letras de la Universidad Aut\u00f3noma de Sinaloa, a trav\u00e9s del Cuerpo Acad\u00e9mico Humanismo e Identidad Cultural, el 17 de octubre de 2016.<\/p>\n","protected":false},"excerpt":{"rendered":"<p>&nbsp; TRANSGRESI\u00d3N ER\u00d3TICA E IMAGINACI\u00d3N PO\u00c9TICA: POTENCIAS DE UNA MIRADA INTEMPESTIVA Ponencia le\u00edda en el 3er Coloquio Nacional sobre Violencia, que se llev\u00f3 a cabo en la Facultad de Filosof\u00eda y Letras de la Universidad Aut\u00f3noma de Sinaloa, a trav\u00e9s del Cuerpo Acad\u00e9mico Humanismo e Identidad Cultural, el 17 de octubre de 2016.<\/p>\n","protected":false},"author":6,"featured_media":0,"comment_status":"open","ping_status":"open","sticky":false,"template":"","format":"standard","meta":{"_bbp_topic_count":0,"_bbp_reply_count":0,"_bbp_total_topic_count":0,"_bbp_total_reply_count":0,"_bbp_voice_count":0,"_bbp_anonymous_reply_count":0,"_bbp_topic_count_hidden":0,"_bbp_reply_count_hidden":0,"_bbp_forum_subforum_count":0,"footnotes":""},"categories":[25,24,11,4],"tags":[],"class_list":["post-88","post","type-post","status-publish","format-standard","hentry","category-difusion","category-eventos-externos","category-habitaciones-poeticas-del-espacio-politico","category-poeticas-y-retoricas-de-la-vida-civil"],"_links":{"self":[{"href":"https:\/\/estudiosgenealogicos.org\/ciudad\/wp-json\/wp\/v2\/posts\/88","targetHints":{"allow":["GET"]}}],"collection":[{"href":"https:\/\/estudiosgenealogicos.org\/ciudad\/wp-json\/wp\/v2\/posts"}],"about":[{"href":"https:\/\/estudiosgenealogicos.org\/ciudad\/wp-json\/wp\/v2\/types\/post"}],"author":[{"embeddable":true,"href":"https:\/\/estudiosgenealogicos.org\/ciudad\/wp-json\/wp\/v2\/users\/6"}],"replies":[{"embeddable":true,"href":"https:\/\/estudiosgenealogicos.org\/ciudad\/wp-json\/wp\/v2\/comments?post=88"}],"version-history":[{"count":2,"href":"https:\/\/estudiosgenealogicos.org\/ciudad\/wp-json\/wp\/v2\/posts\/88\/revisions"}],"predecessor-version":[{"id":167,"href":"https:\/\/estudiosgenealogicos.org\/ciudad\/wp-json\/wp\/v2\/posts\/88\/revisions\/167"}],"wp:attachment":[{"href":"https:\/\/estudiosgenealogicos.org\/ciudad\/wp-json\/wp\/v2\/media?parent=88"}],"wp:term":[{"taxonomy":"category","embeddable":true,"href":"https:\/\/estudiosgenealogicos.org\/ciudad\/wp-json\/wp\/v2\/categories?post=88"},{"taxonomy":"post_tag","embeddable":true,"href":"https:\/\/estudiosgenealogicos.org\/ciudad\/wp-json\/wp\/v2\/tags?post=88"}],"curies":[{"name":"wp","href":"https:\/\/api.w.org\/{rel}","templated":true}]}}