{"id":145,"date":"2018-04-12T23:43:15","date_gmt":"2018-04-13T04:43:15","guid":{"rendered":"http:\/\/estudiosgenealogicos.org\/eduardogarcia\/?p=145"},"modified":"2018-04-12T23:49:01","modified_gmt":"2018-04-13T04:49:01","slug":"iii-congreso-de-la-asociacion-iberoamericana-de-filosofia-de-la-biologia-aifibi","status":"publish","type":"post","link":"https:\/\/estudiosgenealogicos.org\/eduardogarcia\/2018\/04\/12\/iii-congreso-de-la-asociacion-iberoamericana-de-filosofia-de-la-biologia-aifibi\/","title":{"rendered":"III Congreso de la Asociaci\u00f3n Iberoamericana de Filosof\u00eda de la Biolog\u00eda (AIFIBI)"},"content":{"rendered":"<h1 class=\"font_0\">III Congreso de la Asociaci\u00f3n Iberoamericana de Filosof\u00eda de la Biolog\u00eda (AIFIBI)<\/h1>\n<h4 class=\"font_8\">La biolog\u00eda evolucionaria y su impacto en el estudio de la naturaleza humana y su entorno<\/h4>\n<p class=\"font_8\"><span class=\"wixGuard\">\u200b<\/span>Bogot\u00e1 &#8211; \u00a0Universidad Nacional de Colombia.<\/p>\n<p class=\"font_8\">27 \u2013 29 de junio de 2018<\/p>\n<p class=\"font_8\">Presentaci\u00f3n de la ponencia:\u00a0Asunc\u00edon de la Jerarqu\u00eda en las formas de organizaci\u00f3n humanas en la transici\u00f3n del Pleistoceno al Holoceno (Jueves 28 de junio)<br \/>\n<a href=\"http:\/\/estudiosgenealogicos.org\/eduardogarcia\/files\/2018\/04\/2d7526_ec907835d92a971eccb3d4e0463d92b3.png\"><img loading=\"lazy\" decoding=\"async\" class=\"size-full wp-image-146 aligncenter\" src=\"http:\/\/estudiosgenealogicos.org\/eduardogarcia\/files\/2018\/04\/2d7526_ec907835d92a971eccb3d4e0463d92b3.png\" alt=\"\" width=\"340\" height=\"170\" srcset=\"https:\/\/estudiosgenealogicos.org\/eduardogarcia\/files\/2018\/04\/2d7526_ec907835d92a971eccb3d4e0463d92b3.png 340w, https:\/\/estudiosgenealogicos.org\/eduardogarcia\/files\/2018\/04\/2d7526_ec907835d92a971eccb3d4e0463d92b3-300x150.png 300w\" sizes=\"auto, (max-width: 340px) 100vw, 340px\" \/><\/a><\/p>\n<p><a href=\"http:\/\/aifibi2012.wixsite.com\/aifibi\/convocatoria-2018\">http:\/\/aifibi2012.wixsite.com\/aifibi\/convocatoria-2018<\/a><\/p>\n","protected":false},"excerpt":{"rendered":"<p>III Congreso de la Asociaci\u00f3n Iberoamericana de Filosof\u00eda de la Biolog\u00eda (AIFIBI) La biolog\u00eda evolucionaria y su impacto en el estudio de la naturaleza humana y su entorno \u200bBogot\u00e1 &#8211; \u00a0Universidad Nacional de Colombia. 27 \u2013 29 de junio de &hellip; <a href=\"https:\/\/estudiosgenealogicos.org\/eduardogarcia\/2018\/04\/12\/iii-congreso-de-la-asociacion-iberoamericana-de-filosofia-de-la-biologia-aifibi\/\">Sigue leyendo <span class=\"meta-nav\">&rarr;<\/span><\/a><\/p>\n","protected":false},"author":13,"featured_media":0,"comment_status":"open","ping_status":"open","sticky":false,"template":"","format":"standard","meta":{"_bbp_topic_count":0,"_bbp_reply_count":0,"_bbp_total_topic_count":0,"_bbp_total_reply_count":0,"_bbp_voice_count":0,"_bbp_anonymous_reply_count":0,"_bbp_topic_count_hidden":0,"_bbp_reply_count_hidden":0,"_bbp_forum_subforum_count":0,"footnotes":""},"categories":[1],"tags":[],"class_list":["post-145","post","type-post","status-publish","format-standard","hentry","category-sin-categoria"],"_links":{"self":[{"href":"https:\/\/estudiosgenealogicos.org\/eduardogarcia\/wp-json\/wp\/v2\/posts\/145","targetHints":{"allow":["GET"]}}],"collection":[{"href":"https:\/\/estudiosgenealogicos.org\/eduardogarcia\/wp-json\/wp\/v2\/posts"}],"about":[{"href":"https:\/\/estudiosgenealogicos.org\/eduardogarcia\/wp-json\/wp\/v2\/types\/post"}],"author":[{"embeddable":true,"href":"https:\/\/estudiosgenealogicos.org\/eduardogarcia\/wp-json\/wp\/v2\/users\/13"}],"replies":[{"embeddable":true,"href":"https:\/\/estudiosgenealogicos.org\/eduardogarcia\/wp-json\/wp\/v2\/comments?post=145"}],"version-history":[{"count":6,"href":"https:\/\/estudiosgenealogicos.org\/eduardogarcia\/wp-json\/wp\/v2\/posts\/145\/revisions"}],"predecessor-version":[{"id":153,"href":"https:\/\/estudiosgenealogicos.org\/eduardogarcia\/wp-json\/wp\/v2\/posts\/145\/revisions\/153"}],"wp:attachment":[{"href":"https:\/\/estudiosgenealogicos.org\/eduardogarcia\/wp-json\/wp\/v2\/media?parent=145"}],"wp:term":[{"taxonomy":"category","embeddable":true,"href":"https:\/\/estudiosgenealogicos.org\/eduardogarcia\/wp-json\/wp\/v2\/categories?post=145"},{"taxonomy":"post_tag","embeddable":true,"href":"https:\/\/estudiosgenealogicos.org\/eduardogarcia\/wp-json\/wp\/v2\/tags?post=145"}],"curies":[{"name":"wp","href":"https:\/\/api.w.org\/{rel}","templated":true}]}}