{"id":116,"date":"2018-10-01T07:26:48","date_gmt":"2018-10-01T07:26:48","guid":{"rendered":"http:\/\/estudiosgenealogicos.org\/formacioncultural\/?p=116"},"modified":"2018-10-01T07:32:38","modified_gmt":"2018-10-01T07:32:38","slug":"pantalla-y-deseo","status":"publish","type":"post","link":"https:\/\/estudiosgenealogicos.org\/formacioncultural\/2018\/10\/01\/pantalla-y-deseo\/","title":{"rendered":"Pantalla y deseo"},"content":{"rendered":"<p><img loading=\"lazy\" decoding=\"async\" class=\"wp-image-117 aligncenter\" src=\"http:\/\/estudiosgenealogicos.org\/formacioncultural\/files\/2018\/10\/Sitio-Web-Pantalla-y-deseo.png\" alt=\"\" width=\"230\" height=\"272\" \/><\/p>\n<h1 style=\"text-align: center\"><a href=\"http:\/\/pantallaydeseo.wordpress.org\">Pantalla y deseo<\/a><\/h1>\n<p style=\"text-align: justify\">Este Blog de wordpress es una herramienta digital de colaboraci\u00f3n a distancia, con la que los miembros del <strong>Seminario de Investigaci\u00f3n \u00abIm\u00e1genes e imaginaciones de la cultura\u00bb<\/strong>, coordinados por Dulce Mar\u00eda Trejo Maldonado y Rafael \u00c1ngel G\u00f3mez Chore\u00f1o,\u00a0buscan llevar a cabo un trabajo de difusi\u00f3n y divulgaci\u00f3n de su trabajo de creaci\u00f3n e investigaci\u00f3n, pero con el que tambi\u00e9n buscan crear un centro de recursos digitales y de documentaci\u00f3n, as\u00ed como un espacio de reflexi\u00f3n y discusi\u00f3n de \u00a0ideas y herramientas metodol\u00f3gicas.<\/p>\n","protected":false},"excerpt":{"rendered":"<p>Pantalla y deseo Este Blog de wordpress es una herramienta digital de colaboraci\u00f3n a distancia, con la que los miembros del Seminario de Investigaci\u00f3n \u00abIm\u00e1genes e imaginaciones de la cultura\u00bb, coordinados por Dulce Mar\u00eda Trejo Maldonado y Rafael \u00c1ngel G\u00f3mez Chore\u00f1o,\u00a0buscan llevar a cabo un trabajo de difusi\u00f3n y divulgaci\u00f3n de su trabajo de creaci\u00f3n &hellip; <\/p>\n<p class=\"link-more\"><a href=\"https:\/\/estudiosgenealogicos.org\/formacioncultural\/2018\/10\/01\/pantalla-y-deseo\/\" class=\"more-link\">Continuar leyendo<span class=\"screen-reader-text\"> \u00abPantalla y deseo\u00bb<\/span><\/a><\/p>\n","protected":false},"author":6,"featured_media":0,"comment_status":"open","ping_status":"open","sticky":false,"template":"","format":"link","meta":{"_bbp_topic_count":0,"_bbp_reply_count":0,"_bbp_total_topic_count":0,"_bbp_total_reply_count":0,"_bbp_voice_count":0,"_bbp_anonymous_reply_count":0,"_bbp_topic_count_hidden":0,"_bbp_reply_count_hidden":0,"_bbp_forum_subforum_count":0,"footnotes":""},"categories":[27],"tags":[],"class_list":["post-116","post","type-post","status-publish","format-link","hentry","category-imagenes-e-imaginaciones-de-la-cultura","post_format-post-format-link"],"_links":{"self":[{"href":"https:\/\/estudiosgenealogicos.org\/formacioncultural\/wp-json\/wp\/v2\/posts\/116","targetHints":{"allow":["GET"]}}],"collection":[{"href":"https:\/\/estudiosgenealogicos.org\/formacioncultural\/wp-json\/wp\/v2\/posts"}],"about":[{"href":"https:\/\/estudiosgenealogicos.org\/formacioncultural\/wp-json\/wp\/v2\/types\/post"}],"author":[{"embeddable":true,"href":"https:\/\/estudiosgenealogicos.org\/formacioncultural\/wp-json\/wp\/v2\/users\/6"}],"replies":[{"embeddable":true,"href":"https:\/\/estudiosgenealogicos.org\/formacioncultural\/wp-json\/wp\/v2\/comments?post=116"}],"version-history":[{"count":4,"href":"https:\/\/estudiosgenealogicos.org\/formacioncultural\/wp-json\/wp\/v2\/posts\/116\/revisions"}],"predecessor-version":[{"id":121,"href":"https:\/\/estudiosgenealogicos.org\/formacioncultural\/wp-json\/wp\/v2\/posts\/116\/revisions\/121"}],"wp:attachment":[{"href":"https:\/\/estudiosgenealogicos.org\/formacioncultural\/wp-json\/wp\/v2\/media?parent=116"}],"wp:term":[{"taxonomy":"category","embeddable":true,"href":"https:\/\/estudiosgenealogicos.org\/formacioncultural\/wp-json\/wp\/v2\/categories?post=116"},{"taxonomy":"post_tag","embeddable":true,"href":"https:\/\/estudiosgenealogicos.org\/formacioncultural\/wp-json\/wp\/v2\/tags?post=116"}],"curies":[{"name":"wp","href":"https:\/\/api.w.org\/{rel}","templated":true}]}}