{"id":126,"date":"2018-10-01T22:12:21","date_gmt":"2018-10-01T22:12:21","guid":{"rendered":"http:\/\/estudiosgenealogicos.org\/formacioncultural\/?p=126"},"modified":"2018-10-02T02:15:08","modified_gmt":"2018-10-02T02:15:08","slug":"micropolitica-erotica","status":"publish","type":"post","link":"https:\/\/estudiosgenealogicos.org\/formacioncultural\/2018\/10\/01\/micropolitica-erotica\/","title":{"rendered":"Micropol\u00edtica er\u00f3tica"},"content":{"rendered":"<p>https:\/\/2018.reflexionesmarginales.com\/micropolitica-erotica-reinvencion-y-disolucion-del-cuerpo-en-la-escritura-de-anais-nin\/<\/p>\n<p style=\"text-align: justify\"><strong>ART\u00cdCULO EN REVISTA DIGITAL<\/strong><\/p>\n<p style=\"text-align: justify\">L\u00d3PEZ GONZ\u00c1LEZ, Bily,\u00a0<strong>\u201cMicropol\u00edtica er\u00f3tica: reinvenci\u00f3n y disoluci\u00f3n del cuerpo en la escritura de Ana\u00efs Nin\u201d\u00a0[en l\u00ednea]<\/strong>, en\u00a0<em>Revista Reflexiones Marginales. Saberes de frontera.<\/em>\u00a0Ciudad de M\u00e9xico, Universidad Nacional Aut\u00f3noma de M\u00e9xico, Facultad de Filosof\u00eda y Letras, A\u00f1o 6, N\u00fam. 44, marzo 2018.<\/p>\n<p>[ISSN 2007-8501]<\/p>\n","protected":false},"excerpt":{"rendered":"<p>https:\/\/2018.reflexionesmarginales.com\/micropolitica-erotica-reinvencion-y-disolucion-del-cuerpo-en-la-escritura-de-anais-nin\/ ART\u00cdCULO EN REVISTA DIGITAL L\u00d3PEZ GONZ\u00c1LEZ, Bily,\u00a0\u201cMicropol\u00edtica er\u00f3tica: reinvenci\u00f3n y disoluci\u00f3n del cuerpo en la escritura de Ana\u00efs Nin\u201d\u00a0[en l\u00ednea], en\u00a0Revista Reflexiones Marginales. Saberes de frontera.\u00a0Ciudad de M\u00e9xico, Universidad Nacional Aut\u00f3noma de M\u00e9xico, Facultad de Filosof\u00eda y Letras, A\u00f1o 6, N\u00fam. 44, marzo 2018. [ISSN 2007-8501]<\/p>\n","protected":false},"author":6,"featured_media":0,"comment_status":"open","ping_status":"open","sticky":false,"template":"","format":"standard","meta":{"_bbp_topic_count":0,"_bbp_reply_count":0,"_bbp_total_topic_count":0,"_bbp_total_reply_count":0,"_bbp_voice_count":0,"_bbp_anonymous_reply_count":0,"_bbp_topic_count_hidden":0,"_bbp_reply_count_hidden":0,"_bbp_forum_subforum_count":0,"footnotes":""},"categories":[3,29,28],"tags":[],"class_list":["post-126","post","type-post","status-publish","format-standard","hentry","category-investigadores-asociados","category-para-la-biblioteca","category-recursos-digitales"],"_links":{"self":[{"href":"https:\/\/estudiosgenealogicos.org\/formacioncultural\/wp-json\/wp\/v2\/posts\/126","targetHints":{"allow":["GET"]}}],"collection":[{"href":"https:\/\/estudiosgenealogicos.org\/formacioncultural\/wp-json\/wp\/v2\/posts"}],"about":[{"href":"https:\/\/estudiosgenealogicos.org\/formacioncultural\/wp-json\/wp\/v2\/types\/post"}],"author":[{"embeddable":true,"href":"https:\/\/estudiosgenealogicos.org\/formacioncultural\/wp-json\/wp\/v2\/users\/6"}],"replies":[{"embeddable":true,"href":"https:\/\/estudiosgenealogicos.org\/formacioncultural\/wp-json\/wp\/v2\/comments?post=126"}],"version-history":[{"count":5,"href":"https:\/\/estudiosgenealogicos.org\/formacioncultural\/wp-json\/wp\/v2\/posts\/126\/revisions"}],"predecessor-version":[{"id":179,"href":"https:\/\/estudiosgenealogicos.org\/formacioncultural\/wp-json\/wp\/v2\/posts\/126\/revisions\/179"}],"wp:attachment":[{"href":"https:\/\/estudiosgenealogicos.org\/formacioncultural\/wp-json\/wp\/v2\/media?parent=126"}],"wp:term":[{"taxonomy":"category","embeddable":true,"href":"https:\/\/estudiosgenealogicos.org\/formacioncultural\/wp-json\/wp\/v2\/categories?post=126"},{"taxonomy":"post_tag","embeddable":true,"href":"https:\/\/estudiosgenealogicos.org\/formacioncultural\/wp-json\/wp\/v2\/tags?post=126"}],"curies":[{"name":"wp","href":"https:\/\/api.w.org\/{rel}","templated":true}]}}