{"id":128,"date":"2018-03-01T22:31:22","date_gmt":"2018-03-01T22:31:22","guid":{"rendered":"http:\/\/estudiosgenealogicos.org\/formacioncultural\/?p=128"},"modified":"2018-10-02T02:22:54","modified_gmt":"2018-10-02T02:22:54","slug":"la-ciudad-embriagante-del-sin-sentido","status":"publish","type":"post","link":"https:\/\/estudiosgenealogicos.org\/formacioncultural\/2018\/03\/01\/la-ciudad-embriagante-del-sin-sentido\/","title":{"rendered":"La ciudad embriagante del sin-sentido"},"content":{"rendered":"<p>https:\/\/2018.reflexionesmarginales.com\/la-ciudad-embriagante-del-sin-sentido-dispositivo-y-control\/<\/p>\n<p><strong>ART\u00cdCULO EN REVISTA DIGITAL<\/strong><\/p>\n<p style=\"text-align: justify\">SOL\u00cdS LUNA, Fernando,\u00a0<strong>\u201cLa ciudad embriagante del sin-sentido: dispositivo y control\u201d\u00a0[en l\u00ednea]<\/strong>, en\u00a0<em>Revista Reflexiones Marginales. Saberes de frontera.<\/em>\u00a0Ciudad de M\u00e9xico, Universidad Nacional Aut\u00f3noma de M\u00e9xico, Facultad de Filosof\u00eda y Letras, A\u00f1o 6, N\u00fam. 43, febrero 2018.<\/p>\n<p>[ISSN 2007-8501]<\/p>\n","protected":false},"excerpt":{"rendered":"<p>https:\/\/2018.reflexionesmarginales.com\/la-ciudad-embriagante-del-sin-sentido-dispositivo-y-control\/ ART\u00cdCULO EN REVISTA DIGITAL SOL\u00cdS LUNA, Fernando,\u00a0\u201cLa ciudad embriagante del sin-sentido: dispositivo y control\u201d\u00a0[en l\u00ednea], en\u00a0Revista Reflexiones Marginales. Saberes de frontera.\u00a0Ciudad de M\u00e9xico, Universidad Nacional Aut\u00f3noma de M\u00e9xico, Facultad de Filosof\u00eda y Letras, A\u00f1o 6, N\u00fam. 43, febrero 2018. [ISSN 2007-8501]<\/p>\n","protected":false},"author":6,"featured_media":0,"comment_status":"open","ping_status":"open","sticky":false,"template":"","format":"standard","meta":{"_bbp_topic_count":0,"_bbp_reply_count":0,"_bbp_total_topic_count":0,"_bbp_total_reply_count":0,"_bbp_voice_count":0,"_bbp_anonymous_reply_count":0,"_bbp_topic_count_hidden":0,"_bbp_reply_count_hidden":0,"_bbp_forum_subforum_count":0,"footnotes":""},"categories":[13,29,28],"tags":[],"class_list":["post-128","post","type-post","status-publish","format-standard","hentry","category-ciudad-del-sinsentido","category-para-la-biblioteca","category-recursos-digitales"],"_links":{"self":[{"href":"https:\/\/estudiosgenealogicos.org\/formacioncultural\/wp-json\/wp\/v2\/posts\/128","targetHints":{"allow":["GET"]}}],"collection":[{"href":"https:\/\/estudiosgenealogicos.org\/formacioncultural\/wp-json\/wp\/v2\/posts"}],"about":[{"href":"https:\/\/estudiosgenealogicos.org\/formacioncultural\/wp-json\/wp\/v2\/types\/post"}],"author":[{"embeddable":true,"href":"https:\/\/estudiosgenealogicos.org\/formacioncultural\/wp-json\/wp\/v2\/users\/6"}],"replies":[{"embeddable":true,"href":"https:\/\/estudiosgenealogicos.org\/formacioncultural\/wp-json\/wp\/v2\/comments?post=128"}],"version-history":[{"count":4,"href":"https:\/\/estudiosgenealogicos.org\/formacioncultural\/wp-json\/wp\/v2\/posts\/128\/revisions"}],"predecessor-version":[{"id":186,"href":"https:\/\/estudiosgenealogicos.org\/formacioncultural\/wp-json\/wp\/v2\/posts\/128\/revisions\/186"}],"wp:attachment":[{"href":"https:\/\/estudiosgenealogicos.org\/formacioncultural\/wp-json\/wp\/v2\/media?parent=128"}],"wp:term":[{"taxonomy":"category","embeddable":true,"href":"https:\/\/estudiosgenealogicos.org\/formacioncultural\/wp-json\/wp\/v2\/categories?post=128"},{"taxonomy":"post_tag","embeddable":true,"href":"https:\/\/estudiosgenealogicos.org\/formacioncultural\/wp-json\/wp\/v2\/tags?post=128"}],"curies":[{"name":"wp","href":"https:\/\/api.w.org\/{rel}","templated":true}]}}