{"id":138,"date":"2017-12-12T00:02:49","date_gmt":"2017-12-12T00:02:49","guid":{"rendered":"http:\/\/estudiosgenealogicos.org\/formacioncultural\/?p=138"},"modified":"2018-10-02T02:21:16","modified_gmt":"2018-10-02T02:21:16","slug":"el-caso-del-dmt","status":"publish","type":"post","link":"https:\/\/estudiosgenealogicos.org\/formacioncultural\/2017\/12\/12\/el-caso-del-dmt\/","title":{"rendered":"El caso del DMT"},"content":{"rendered":"<p>http:\/\/reflexionesmarginales.com\/3.0\/el-caso-del-dmt-hacia-una-filosofia-critica-de-las-drogas\/<\/p>\n<p><strong>ART\u00cdCULO EN REVISTA DIGITAL<\/strong><\/p>\n<p>GARC\u00cdA ROJAS, H\u00e9ctor Rodolfo,\u00a0<strong>\u201cEl caso del DMT. Hacia una filosof\u00eda cr\u00edtica de las drogas\u201d\u00a0[en l\u00ednea]<\/strong>, en\u00a0<em>Revista Reflexiones Marginales. Saberes de frontera.<\/em>\u00a0Ciudad de M\u00e9xico, Universidad Nacional Aut\u00f3noma de M\u00e9xico, Facultad de Filosof\u00eda y Letras, A\u00f1o 6, N\u00fam. 40, \u201cEl DMT, la mol\u00e9cula de Dios\u201d, agosto-septiembre 2017.<\/p>\n<p>[ISSN 2007-8501]<\/p>\n","protected":false},"excerpt":{"rendered":"<p>http:\/\/reflexionesmarginales.com\/3.0\/el-caso-del-dmt-hacia-una-filosofia-critica-de-las-drogas\/ ART\u00cdCULO EN REVISTA DIGITAL GARC\u00cdA ROJAS, H\u00e9ctor Rodolfo,\u00a0\u201cEl caso del DMT. Hacia una filosof\u00eda cr\u00edtica de las drogas\u201d\u00a0[en l\u00ednea], en\u00a0Revista Reflexiones Marginales. Saberes de frontera.\u00a0Ciudad de M\u00e9xico, Universidad Nacional Aut\u00f3noma de M\u00e9xico, Facultad de Filosof\u00eda y Letras, A\u00f1o 6, N\u00fam. 40, \u201cEl DMT, la mol\u00e9cula de Dios\u201d, agosto-septiembre 2017. [ISSN 2007-8501]<\/p>\n","protected":false},"author":6,"featured_media":0,"comment_status":"open","ping_status":"open","sticky":false,"template":"","format":"standard","meta":{"_bbp_topic_count":0,"_bbp_reply_count":0,"_bbp_total_topic_count":0,"_bbp_total_reply_count":0,"_bbp_voice_count":0,"_bbp_anonymous_reply_count":0,"_bbp_topic_count_hidden":0,"_bbp_reply_count_hidden":0,"_bbp_forum_subforum_count":0,"footnotes":""},"categories":[29,28],"tags":[],"class_list":["post-138","post","type-post","status-publish","format-standard","hentry","category-para-la-biblioteca","category-recursos-digitales"],"_links":{"self":[{"href":"https:\/\/estudiosgenealogicos.org\/formacioncultural\/wp-json\/wp\/v2\/posts\/138","targetHints":{"allow":["GET"]}}],"collection":[{"href":"https:\/\/estudiosgenealogicos.org\/formacioncultural\/wp-json\/wp\/v2\/posts"}],"about":[{"href":"https:\/\/estudiosgenealogicos.org\/formacioncultural\/wp-json\/wp\/v2\/types\/post"}],"author":[{"embeddable":true,"href":"https:\/\/estudiosgenealogicos.org\/formacioncultural\/wp-json\/wp\/v2\/users\/6"}],"replies":[{"embeddable":true,"href":"https:\/\/estudiosgenealogicos.org\/formacioncultural\/wp-json\/wp\/v2\/comments?post=138"}],"version-history":[{"count":5,"href":"https:\/\/estudiosgenealogicos.org\/formacioncultural\/wp-json\/wp\/v2\/posts\/138\/revisions"}],"predecessor-version":[{"id":185,"href":"https:\/\/estudiosgenealogicos.org\/formacioncultural\/wp-json\/wp\/v2\/posts\/138\/revisions\/185"}],"wp:attachment":[{"href":"https:\/\/estudiosgenealogicos.org\/formacioncultural\/wp-json\/wp\/v2\/media?parent=138"}],"wp:term":[{"taxonomy":"category","embeddable":true,"href":"https:\/\/estudiosgenealogicos.org\/formacioncultural\/wp-json\/wp\/v2\/categories?post=138"},{"taxonomy":"post_tag","embeddable":true,"href":"https:\/\/estudiosgenealogicos.org\/formacioncultural\/wp-json\/wp\/v2\/tags?post=138"}],"curies":[{"name":"wp","href":"https:\/\/api.w.org\/{rel}","templated":true}]}}