{"id":142,"date":"2018-04-02T00:10:20","date_gmt":"2018-04-02T00:10:20","guid":{"rendered":"http:\/\/estudiosgenealogicos.org\/formacioncultural\/?p=142"},"modified":"2018-10-02T02:20:23","modified_gmt":"2018-10-02T02:20:23","slug":"psiconatica-e-ideologia","status":"publish","type":"post","link":"https:\/\/estudiosgenealogicos.org\/formacioncultural\/2018\/04\/02\/psiconatica-e-ideologia\/","title":{"rendered":"Psicon\u00e1tica e ideolog\u00eda"},"content":{"rendered":"<p>http:\/\/reflexionesmarginales.com\/3.0\/psiconautica-e-ideologia-el-ensayo-sobre-el-hashish-de-walter-benjamin\/<\/p>\n<p><strong>ART\u00cdCULO EN REVISTA DIGITAL<\/strong><\/p>\n<p style=\"text-align: justify\">HUESCA RAM\u00d3N, Fernando,\u00a0<strong>\u201cPsicon\u00e1utica e ideolog\u00eda: el \u00abEnsayo sobre el hashish\u00bb de Walter Benjamin\u201d\u00a0[en l\u00ednea]<\/strong>, en\u00a0<em>Revista Reflexiones Marginales. Saberes de frontera.<\/em>\u00a0Ciudad de M\u00e9xico, Universidad Nacional Aut\u00f3noma de M\u00e9xico, Facultad de Filosof\u00eda y Letras, A\u00f1o 6, N\u00fam. 40, \u201cEl DMT, la mol\u00e9cula de Dios\u201d, agosto-septiembre 2017.<\/p>\n<p>[ISSN 2007-8501]<\/p>\n","protected":false},"excerpt":{"rendered":"<p>http:\/\/reflexionesmarginales.com\/3.0\/psiconautica-e-ideologia-el-ensayo-sobre-el-hashish-de-walter-benjamin\/ ART\u00cdCULO EN REVISTA DIGITAL HUESCA RAM\u00d3N, Fernando,\u00a0\u201cPsicon\u00e1utica e ideolog\u00eda: el \u00abEnsayo sobre el hashish\u00bb de Walter Benjamin\u201d\u00a0[en l\u00ednea], en\u00a0Revista Reflexiones Marginales. Saberes de frontera.\u00a0Ciudad de M\u00e9xico, Universidad Nacional Aut\u00f3noma de M\u00e9xico, Facultad de Filosof\u00eda y Letras, A\u00f1o 6, N\u00fam. 40, \u201cEl DMT, la mol\u00e9cula de Dios\u201d, agosto-septiembre 2017. [ISSN 2007-8501]<\/p>\n","protected":false},"author":6,"featured_media":0,"comment_status":"open","ping_status":"open","sticky":false,"template":"","format":"standard","meta":{"_bbp_topic_count":0,"_bbp_reply_count":0,"_bbp_total_topic_count":0,"_bbp_total_reply_count":0,"_bbp_voice_count":0,"_bbp_anonymous_reply_count":0,"_bbp_topic_count_hidden":0,"_bbp_reply_count_hidden":0,"_bbp_forum_subforum_count":0,"footnotes":""},"categories":[29,28],"tags":[],"class_list":["post-142","post","type-post","status-publish","format-standard","hentry","category-para-la-biblioteca","category-recursos-digitales"],"_links":{"self":[{"href":"https:\/\/estudiosgenealogicos.org\/formacioncultural\/wp-json\/wp\/v2\/posts\/142","targetHints":{"allow":["GET"]}}],"collection":[{"href":"https:\/\/estudiosgenealogicos.org\/formacioncultural\/wp-json\/wp\/v2\/posts"}],"about":[{"href":"https:\/\/estudiosgenealogicos.org\/formacioncultural\/wp-json\/wp\/v2\/types\/post"}],"author":[{"embeddable":true,"href":"https:\/\/estudiosgenealogicos.org\/formacioncultural\/wp-json\/wp\/v2\/users\/6"}],"replies":[{"embeddable":true,"href":"https:\/\/estudiosgenealogicos.org\/formacioncultural\/wp-json\/wp\/v2\/comments?post=142"}],"version-history":[{"count":4,"href":"https:\/\/estudiosgenealogicos.org\/formacioncultural\/wp-json\/wp\/v2\/posts\/142\/revisions"}],"predecessor-version":[{"id":184,"href":"https:\/\/estudiosgenealogicos.org\/formacioncultural\/wp-json\/wp\/v2\/posts\/142\/revisions\/184"}],"wp:attachment":[{"href":"https:\/\/estudiosgenealogicos.org\/formacioncultural\/wp-json\/wp\/v2\/media?parent=142"}],"wp:term":[{"taxonomy":"category","embeddable":true,"href":"https:\/\/estudiosgenealogicos.org\/formacioncultural\/wp-json\/wp\/v2\/categories?post=142"},{"taxonomy":"post_tag","embeddable":true,"href":"https:\/\/estudiosgenealogicos.org\/formacioncultural\/wp-json\/wp\/v2\/tags?post=142"}],"curies":[{"name":"wp","href":"https:\/\/api.w.org\/{rel}","templated":true}]}}