{"id":170,"date":"2018-05-24T01:37:01","date_gmt":"2018-05-24T01:37:01","guid":{"rendered":"http:\/\/estudiosgenealogicos.org\/formacioncultural\/?p=170"},"modified":"2018-10-02T02:16:47","modified_gmt":"2018-10-02T02:16:47","slug":"una-filosofia-marxista-del-cuerpo","status":"publish","type":"post","link":"https:\/\/estudiosgenealogicos.org\/formacioncultural\/2018\/05\/24\/una-filosofia-marxista-del-cuerpo\/","title":{"rendered":"Una filosof\u00eda marxista del cuerpo"},"content":{"rendered":"<p>http:\/\/reflexionesmarginales.com\/3.0\/una-filosofia-marxista-del-cuerpo\/<\/p>\n<p><strong>ART\u00cdCULO EN REVISTA DIGITAL<\/strong><\/p>\n<p style=\"text-align: justify\">Sicerone, Daniel,\u00a0<strong>\u201cUna filosof\u00eda marxista del cuerpo\u201d\u00a0[en l\u00ednea]<\/strong>, en\u00a0<em>Revista Reflexiones Marginales. Saberes de frontera.<\/em>\u00a0Ciudad de M\u00e9xico, Universidad Nacional Aut\u00f3noma de M\u00e9xico, Facultad de Filosof\u00eda y Letras, A\u00f1o 6, N\u00fam. 37, \u201cDanza y filosof\u00eda (2a Parte)\u201d, febrero-marzo 2017.<\/p>\n<p>[ISSN 2007-8501]<\/p>\n","protected":false},"excerpt":{"rendered":"<p>http:\/\/reflexionesmarginales.com\/3.0\/una-filosofia-marxista-del-cuerpo\/ ART\u00cdCULO EN REVISTA DIGITAL Sicerone, Daniel,\u00a0\u201cUna filosof\u00eda marxista del cuerpo\u201d\u00a0[en l\u00ednea], en\u00a0Revista Reflexiones Marginales. Saberes de frontera.\u00a0Ciudad de M\u00e9xico, Universidad Nacional Aut\u00f3noma de M\u00e9xico, Facultad de Filosof\u00eda y Letras, A\u00f1o 6, N\u00fam. 37, \u201cDanza y filosof\u00eda (2a Parte)\u201d, febrero-marzo 2017. [ISSN 2007-8501]<\/p>\n","protected":false},"author":6,"featured_media":0,"comment_status":"open","ping_status":"open","sticky":false,"template":"","format":"standard","meta":{"_bbp_topic_count":0,"_bbp_reply_count":0,"_bbp_total_topic_count":0,"_bbp_total_reply_count":0,"_bbp_voice_count":0,"_bbp_anonymous_reply_count":0,"_bbp_topic_count_hidden":0,"_bbp_reply_count_hidden":0,"_bbp_forum_subforum_count":0,"footnotes":""},"categories":[29,28],"tags":[],"class_list":["post-170","post","type-post","status-publish","format-standard","hentry","category-para-la-biblioteca","category-recursos-digitales"],"_links":{"self":[{"href":"https:\/\/estudiosgenealogicos.org\/formacioncultural\/wp-json\/wp\/v2\/posts\/170","targetHints":{"allow":["GET"]}}],"collection":[{"href":"https:\/\/estudiosgenealogicos.org\/formacioncultural\/wp-json\/wp\/v2\/posts"}],"about":[{"href":"https:\/\/estudiosgenealogicos.org\/formacioncultural\/wp-json\/wp\/v2\/types\/post"}],"author":[{"embeddable":true,"href":"https:\/\/estudiosgenealogicos.org\/formacioncultural\/wp-json\/wp\/v2\/users\/6"}],"replies":[{"embeddable":true,"href":"https:\/\/estudiosgenealogicos.org\/formacioncultural\/wp-json\/wp\/v2\/comments?post=170"}],"version-history":[{"count":3,"href":"https:\/\/estudiosgenealogicos.org\/formacioncultural\/wp-json\/wp\/v2\/posts\/170\/revisions"}],"predecessor-version":[{"id":180,"href":"https:\/\/estudiosgenealogicos.org\/formacioncultural\/wp-json\/wp\/v2\/posts\/170\/revisions\/180"}],"wp:attachment":[{"href":"https:\/\/estudiosgenealogicos.org\/formacioncultural\/wp-json\/wp\/v2\/media?parent=170"}],"wp:term":[{"taxonomy":"category","embeddable":true,"href":"https:\/\/estudiosgenealogicos.org\/formacioncultural\/wp-json\/wp\/v2\/categories?post=170"},{"taxonomy":"post_tag","embeddable":true,"href":"https:\/\/estudiosgenealogicos.org\/formacioncultural\/wp-json\/wp\/v2\/tags?post=170"}],"curies":[{"name":"wp","href":"https:\/\/api.w.org\/{rel}","templated":true}]}}