{"id":174,"date":"2017-02-02T01:46:36","date_gmt":"2017-02-02T01:46:36","guid":{"rendered":"http:\/\/estudiosgenealogicos.org\/formacioncultural\/?p=174"},"modified":"2018-10-02T02:14:41","modified_gmt":"2018-10-02T02:14:41","slug":"la-desterritorializacion-del-cuerpo","status":"publish","type":"post","link":"https:\/\/estudiosgenealogicos.org\/formacioncultural\/2017\/02\/02\/la-desterritorializacion-del-cuerpo\/","title":{"rendered":"La desterritorializaci\u00f3n del cuerpo"},"content":{"rendered":"<p>http:\/\/reflexionesmarginales.com\/3.0\/la-desterritorializacion-del-cuerpo-una-reflexion-acerca-de-la-danza-butoh\/<\/p>\n<p><strong>ART\u00cdCULO EN REVISTA DIGITAL<\/strong><\/p>\n<p style=\"text-align: justify\">P\u00c9REZ MONJARAZ, Nayeli,\u00a0<strong>\u201cUna filosof\u00eda marxista del cuerpo\u201d\u00a0[en l\u00ednea]<\/strong>, en\u00a0<em>Revista Reflexiones Marginales. Saberes de frontera.<\/em>\u00a0Ciudad de M\u00e9xico, Universidad Nacional Aut\u00f3noma de M\u00e9xico, Facultad de Filosof\u00eda y Letras, A\u00f1o 6, N\u00fam. 36, \u201cDanza y filosof\u00eda (1a Parte)\u201d, diciembre 2016-febrero 2017.<\/p>\n<p>[ISSN 2007-8501]<\/p>\n","protected":false},"excerpt":{"rendered":"<p>http:\/\/reflexionesmarginales.com\/3.0\/la-desterritorializacion-del-cuerpo-una-reflexion-acerca-de-la-danza-butoh\/ ART\u00cdCULO EN REVISTA DIGITAL P\u00c9REZ MONJARAZ, Nayeli,\u00a0\u201cUna filosof\u00eda marxista del cuerpo\u201d\u00a0[en l\u00ednea], en\u00a0Revista Reflexiones Marginales. Saberes de frontera.\u00a0Ciudad de M\u00e9xico, Universidad Nacional Aut\u00f3noma de M\u00e9xico, Facultad de Filosof\u00eda y Letras, A\u00f1o 6, N\u00fam. 36, \u201cDanza y filosof\u00eda (1a Parte)\u201d, diciembre 2016-febrero 2017. [ISSN 2007-8501]<\/p>\n","protected":false},"author":6,"featured_media":0,"comment_status":"open","ping_status":"open","sticky":false,"template":"","format":"standard","meta":{"_bbp_topic_count":0,"_bbp_reply_count":0,"_bbp_total_topic_count":0,"_bbp_total_reply_count":0,"_bbp_voice_count":0,"_bbp_anonymous_reply_count":0,"_bbp_topic_count_hidden":0,"_bbp_reply_count_hidden":0,"_bbp_forum_subforum_count":0,"footnotes":""},"categories":[29,28],"tags":[],"class_list":["post-174","post","type-post","status-publish","format-standard","hentry","category-para-la-biblioteca","category-recursos-digitales"],"_links":{"self":[{"href":"https:\/\/estudiosgenealogicos.org\/formacioncultural\/wp-json\/wp\/v2\/posts\/174","targetHints":{"allow":["GET"]}}],"collection":[{"href":"https:\/\/estudiosgenealogicos.org\/formacioncultural\/wp-json\/wp\/v2\/posts"}],"about":[{"href":"https:\/\/estudiosgenealogicos.org\/formacioncultural\/wp-json\/wp\/v2\/types\/post"}],"author":[{"embeddable":true,"href":"https:\/\/estudiosgenealogicos.org\/formacioncultural\/wp-json\/wp\/v2\/users\/6"}],"replies":[{"embeddable":true,"href":"https:\/\/estudiosgenealogicos.org\/formacioncultural\/wp-json\/wp\/v2\/comments?post=174"}],"version-history":[{"count":2,"href":"https:\/\/estudiosgenealogicos.org\/formacioncultural\/wp-json\/wp\/v2\/posts\/174\/revisions"}],"predecessor-version":[{"id":178,"href":"https:\/\/estudiosgenealogicos.org\/formacioncultural\/wp-json\/wp\/v2\/posts\/174\/revisions\/178"}],"wp:attachment":[{"href":"https:\/\/estudiosgenealogicos.org\/formacioncultural\/wp-json\/wp\/v2\/media?parent=174"}],"wp:term":[{"taxonomy":"category","embeddable":true,"href":"https:\/\/estudiosgenealogicos.org\/formacioncultural\/wp-json\/wp\/v2\/categories?post=174"},{"taxonomy":"post_tag","embeddable":true,"href":"https:\/\/estudiosgenealogicos.org\/formacioncultural\/wp-json\/wp\/v2\/tags?post=174"}],"curies":[{"name":"wp","href":"https:\/\/api.w.org\/{rel}","templated":true}]}}