{"id":192,"date":"2016-11-27T02:34:28","date_gmt":"2016-11-27T02:34:28","guid":{"rendered":"http:\/\/estudiosgenealogicos.org\/formacioncultural\/?p=192"},"modified":"2018-10-02T02:40:12","modified_gmt":"2018-10-02T02:40:12","slug":"192","status":"publish","type":"post","link":"https:\/\/estudiosgenealogicos.org\/formacioncultural\/2016\/11\/27\/192\/","title":{"rendered":"Arqueo-genealog\u00eda de la m\u00fasica (I)"},"content":{"rendered":"<p>http:\/\/reflexionesmarginales.com\/3.0\/arqueo-genealogia-de-la-musica\/<\/p>\n<p><strong>ART\u00cdCULO EN REVISTA DIGITAL<\/strong><\/p>\n<p style=\"text-align: justify\">ROMERO P\u00c9REZ, Jos\u00e9 Roberto,\u00a0<strong>\u201cArqueo-genealog\u00eda de la m\u00fasica (I)\u201d\u00a0[en l\u00ednea]<\/strong>, en\u00a0<em>Revista Reflexiones Marginales. Saberes de frontera.<\/em>\u00a0Ciudad de M\u00e9xico, M\u00e9xico, Universidad Nacional Aut\u00f3noma de M\u00e9xico, Facultad de Filosof\u00eda y Letras, A\u00f1o 6, N\u00fam. 35, \u201cFilosof\u00eda desde y sobre el norte de M\u00e9xico\u201d, octubre-noviembre 2016.<\/p>\n<p>[ISSN 2007-8501]<\/p>\n","protected":false},"excerpt":{"rendered":"<p>http:\/\/reflexionesmarginales.com\/3.0\/arqueo-genealogia-de-la-musica\/ ART\u00cdCULO EN REVISTA DIGITAL ROMERO P\u00c9REZ, Jos\u00e9 Roberto,\u00a0\u201cArqueo-genealog\u00eda de la m\u00fasica (I)\u201d\u00a0[en l\u00ednea], en\u00a0Revista Reflexiones Marginales. Saberes de frontera.\u00a0Ciudad de M\u00e9xico, M\u00e9xico, Universidad Nacional Aut\u00f3noma de M\u00e9xico, Facultad de Filosof\u00eda y Letras, A\u00f1o 6, N\u00fam. 35, \u201cFilosof\u00eda desde y sobre el norte de M\u00e9xico\u201d, octubre-noviembre 2016. [ISSN 2007-8501]<\/p>\n","protected":false},"author":6,"featured_media":0,"comment_status":"open","ping_status":"open","sticky":false,"template":"","format":"standard","meta":{"_bbp_topic_count":0,"_bbp_reply_count":0,"_bbp_total_topic_count":0,"_bbp_total_reply_count":0,"_bbp_voice_count":0,"_bbp_anonymous_reply_count":0,"_bbp_topic_count_hidden":0,"_bbp_reply_count_hidden":0,"_bbp_forum_subforum_count":0,"footnotes":""},"categories":[27,3,29,28],"tags":[],"class_list":["post-192","post","type-post","status-publish","format-standard","hentry","category-imagenes-e-imaginaciones-de-la-cultura","category-investigadores-asociados","category-para-la-biblioteca","category-recursos-digitales"],"_links":{"self":[{"href":"https:\/\/estudiosgenealogicos.org\/formacioncultural\/wp-json\/wp\/v2\/posts\/192","targetHints":{"allow":["GET"]}}],"collection":[{"href":"https:\/\/estudiosgenealogicos.org\/formacioncultural\/wp-json\/wp\/v2\/posts"}],"about":[{"href":"https:\/\/estudiosgenealogicos.org\/formacioncultural\/wp-json\/wp\/v2\/types\/post"}],"author":[{"embeddable":true,"href":"https:\/\/estudiosgenealogicos.org\/formacioncultural\/wp-json\/wp\/v2\/users\/6"}],"replies":[{"embeddable":true,"href":"https:\/\/estudiosgenealogicos.org\/formacioncultural\/wp-json\/wp\/v2\/comments?post=192"}],"version-history":[{"count":5,"href":"https:\/\/estudiosgenealogicos.org\/formacioncultural\/wp-json\/wp\/v2\/posts\/192\/revisions"}],"predecessor-version":[{"id":198,"href":"https:\/\/estudiosgenealogicos.org\/formacioncultural\/wp-json\/wp\/v2\/posts\/192\/revisions\/198"}],"wp:attachment":[{"href":"https:\/\/estudiosgenealogicos.org\/formacioncultural\/wp-json\/wp\/v2\/media?parent=192"}],"wp:term":[{"taxonomy":"category","embeddable":true,"href":"https:\/\/estudiosgenealogicos.org\/formacioncultural\/wp-json\/wp\/v2\/categories?post=192"},{"taxonomy":"post_tag","embeddable":true,"href":"https:\/\/estudiosgenealogicos.org\/formacioncultural\/wp-json\/wp\/v2\/tags?post=192"}],"curies":[{"name":"wp","href":"https:\/\/api.w.org\/{rel}","templated":true}]}}