{"id":123,"date":"2014-09-15T09:08:13","date_gmt":"2014-09-15T09:08:13","guid":{"rendered":"http:\/\/estudiosgenealogicos.org\/genealogiadelaviolencia\/?p=123"},"modified":"2018-09-30T01:42:36","modified_gmt":"2018-09-30T01:42:36","slug":"123","status":"publish","type":"post","link":"https:\/\/estudiosgenealogicos.org\/genealogiadelaviolencia\/2014\/09\/15\/123\/","title":{"rendered":"Primeras Jornadas sobre Violencia, Cuerpo e Identidad"},"content":{"rendered":"<p><img loading=\"lazy\" decoding=\"async\" class=\"aligncenter wp-image-124\" src=\"http:\/\/estudiosgenealogicos.org\/genealogiadelaviolencia\/files\/2014\/09\/cart-jornada-violencia-2-666x1024.jpg\" alt=\"\" width=\"434\" height=\"662\" \/><\/p>\n<p style=\"text-align: justify\">Algunas de las conferencias que se dictaron durante las<strong>\u00a0Primeras Jornadas sobre Violencia, Cuerpo e Identidad<\/strong>, coordinadas por Juan Carlos Ayala Barr\u00f3n y organizadas por el Colegio de Filosof\u00eda de la Facultad de Filosof\u00eda y Letras de la UNAM y el Cuerpo Acad\u00e9mico \u00abHumanismo e Identidad Cultural\u00bb \u00a0de la Facultad de Filosof\u00eda y Letras de la UAS, del 24 al 25 de enero de 2014, fueron presentadas por investigadores del CEGE como resultado de los trabajos realizados en el\u00a0<strong>Seminario \u201cViolencia y espect\u00e1culo\u201d<\/strong>.<\/p>\n<p>En este evento participaron los siguientes investigadores del CEGE:<\/p>\n<p><strong>Dra. Yolanda Angulo Parra<\/strong><\/p>\n<p><strong>Mtra. Alejandra Rivera Quintero<\/strong><\/p>\n<p><strong>Dr. Bily L\u00f3pez Gonz\u00e1lez<\/strong><\/p>\n<p><strong>Mtro. Osiris Sinuh\u00e9 Gonz\u00e1lez Romero<\/strong><\/p>\n<p><strong>Lic. Rafael \u00c1ngel G\u00f3mez Chore\u00f1o<\/strong><\/p>\n<p>&nbsp;<\/p>\n<p>Tambi\u00e9n participaron:<\/p>\n<p><strong>Dr. Juan Carlos Ayala Barr\u00f3n<\/strong><\/p>\n<p><strong>Dr. Arturo Aguirre Moreno<\/strong><\/p>\n<p><strong>Dr. Gerardo de la Fuente<\/strong><\/p>\n<p><strong>Dr. Luis Humberto Mu\u00f1oz<\/strong><\/p>\n","protected":false},"excerpt":{"rendered":"<p>Algunas de las conferencias que se dictaron durante las\u00a0Primeras Jornadas sobre Violencia, Cuerpo e Identidad, coordinadas por Juan Carlos Ayala Barr\u00f3n y organizadas por el Colegio de Filosof\u00eda de la Facultad de Filosof\u00eda y Letras de la UNAM y el Cuerpo Acad\u00e9mico \u00abHumanismo e Identidad Cultural\u00bb \u00a0de la Facultad de Filosof\u00eda y Letras de la &hellip; <a href=\"https:\/\/estudiosgenealogicos.org\/genealogiadelaviolencia\/2014\/09\/15\/123\/\" class=\"more-link\">Sigue leyendo <span class=\"screen-reader-text\">Primeras Jornadas sobre Violencia, Cuerpo e Identidad<\/span><\/a><\/p>\n","protected":false},"author":6,"featured_media":0,"comment_status":"open","ping_status":"open","sticky":false,"template":"","format":"standard","meta":{"_bbp_topic_count":0,"_bbp_reply_count":0,"_bbp_total_topic_count":0,"_bbp_total_reply_count":0,"_bbp_voice_count":0,"_bbp_anonymous_reply_count":0,"_bbp_topic_count_hidden":0,"_bbp_reply_count_hidden":0,"_bbp_forum_subforum_count":0,"footnotes":""},"categories":[6,9],"tags":[],"class_list":["post-123","post","type-post","status-publish","format-standard","hentry","category-actividades-academicas-externas","category-violencia-y-espectaculo"],"_links":{"self":[{"href":"https:\/\/estudiosgenealogicos.org\/genealogiadelaviolencia\/wp-json\/wp\/v2\/posts\/123","targetHints":{"allow":["GET"]}}],"collection":[{"href":"https:\/\/estudiosgenealogicos.org\/genealogiadelaviolencia\/wp-json\/wp\/v2\/posts"}],"about":[{"href":"https:\/\/estudiosgenealogicos.org\/genealogiadelaviolencia\/wp-json\/wp\/v2\/types\/post"}],"author":[{"embeddable":true,"href":"https:\/\/estudiosgenealogicos.org\/genealogiadelaviolencia\/wp-json\/wp\/v2\/users\/6"}],"replies":[{"embeddable":true,"href":"https:\/\/estudiosgenealogicos.org\/genealogiadelaviolencia\/wp-json\/wp\/v2\/comments?post=123"}],"version-history":[{"count":12,"href":"https:\/\/estudiosgenealogicos.org\/genealogiadelaviolencia\/wp-json\/wp\/v2\/posts\/123\/revisions"}],"predecessor-version":[{"id":397,"href":"https:\/\/estudiosgenealogicos.org\/genealogiadelaviolencia\/wp-json\/wp\/v2\/posts\/123\/revisions\/397"}],"wp:attachment":[{"href":"https:\/\/estudiosgenealogicos.org\/genealogiadelaviolencia\/wp-json\/wp\/v2\/media?parent=123"}],"wp:term":[{"taxonomy":"category","embeddable":true,"href":"https:\/\/estudiosgenealogicos.org\/genealogiadelaviolencia\/wp-json\/wp\/v2\/categories?post=123"},{"taxonomy":"post_tag","embeddable":true,"href":"https:\/\/estudiosgenealogicos.org\/genealogiadelaviolencia\/wp-json\/wp\/v2\/tags?post=123"}],"curies":[{"name":"wp","href":"https:\/\/api.w.org\/{rel}","templated":true}]}}