{"id":148,"date":"2014-09-17T05:39:31","date_gmt":"2014-09-17T05:39:31","guid":{"rendered":"http:\/\/estudiosgenealogicos.org\/genealogiadelaviolencia\/?p=148"},"modified":"2014-09-17T06:51:23","modified_gmt":"2014-09-17T06:51:23","slug":"rafael-angel-gomez-choreno","status":"publish","type":"post","link":"https:\/\/estudiosgenealogicos.org\/genealogiadelaviolencia\/2014\/09\/17\/rafael-angel-gomez-choreno\/","title":{"rendered":"Rafael \u00c1ngel G\u00f3mez Chore\u00f1o"},"content":{"rendered":"<p style=\"text-align: justify\"><strong><a href=\"http:\/\/estudiosgenealogicos.org\/genealogiadelaviolencia\/files\/2014\/09\/Foto0086.jpg\"><img loading=\"lazy\" decoding=\"async\" class=\"aligncenter size-medium wp-image-149\" alt=\"Foto0086\" src=\"http:\/\/estudiosgenealogicos.org\/genealogiadelaviolencia\/files\/2014\/09\/Foto0086-300x225.jpg\" width=\"300\" height=\"225\" srcset=\"https:\/\/estudiosgenealogicos.org\/genealogiadelaviolencia\/files\/2014\/09\/Foto0086-300x225.jpg 300w, https:\/\/estudiosgenealogicos.org\/genealogiadelaviolencia\/files\/2014\/09\/Foto0086-1024x768.jpg 1024w, https:\/\/estudiosgenealogicos.org\/genealogiadelaviolencia\/files\/2014\/09\/Foto0086-400x300.jpg 400w, https:\/\/estudiosgenealogicos.org\/genealogiadelaviolencia\/files\/2014\/09\/Foto0086.jpg 1600w\" sizes=\"auto, (max-width: 300px) 100vw, 300px\" \/><\/a>Socio Investigador<\/strong>\u00a0del\u00a0<em>Centro de Estudios\u00a0Geneal\u00f3gicos para la Investigaci\u00f3n de la Cultura en M\u00e9xico y Am\u00e9rica Latina, A. C.<\/em>\u00a0(desde febrero de 2007), donde ha participado en varios proyectos de investigaci\u00f3n como\u00a0<strong>Estudiante Asociado<\/strong>\u00a0(de mayo de\u00a02003 a junio de 2005) e\u00a0<strong>Investigador Asociado<\/strong>\u00a0(de junio de 2005 a febrero de 2007); y\u00a0donde actualmente desempe\u00f1a los cargos de\u00a0<strong>Vicepresidente del\u00a0Consejo de Directores\u00a0<\/strong>(desde el 2004) y\u00a0<strong>Coordinador General de Investigaciones<\/strong>\u00a0(desde enero de 2010).<\/p>\n<p style=\"text-align: justify\"><strong>Licenciado en Filosof\u00eda<\/strong>\u00a0por la Facultad de\u00a0Filosof\u00eda y Letras de la Universidad Nacional Aut\u00f3noma de M\u00e9xico (FFYL-UNAM). Concluy\u00f3 la\u00a0<strong>Maestr\u00eda en Humanidades<\/strong>\u00a0y las\u00a0Especialidades en Antropolog\u00eda Filos\u00f3fica y\u00a0Antropolog\u00eda Religiosa, en la\u00a0Direcci\u00f3n de Estudios de Posgrado de la\u00a0Universidad del Tepeyac. Tambi\u00e9n tiene concluidos sus estudios en la\u00a0<strong>Maestr\u00eda en Filosof\u00eda<\/strong>\u00a0perteneciente al\u00a0Programa de Maestr\u00eda y Doctorado en\u00a0Filosof\u00eda de la UNAM.<\/p>\n<p style=\"text-align: justify\">Fue\u00a0<strong>Secretario Acad\u00e9mico<\/strong>\u00a0del\u00a0<strong>Colegio de Filosof\u00eda<\/strong>\u00a0de la\u00a0FFYL de la UNAM (2010-2014), donde actualmente es\u00a0<strong>Profesor de\u00a0Asignatura \u201cA\u201d Interino<\/strong>\u00a0impartiendo las materias de \u201cTextos Filos\u00f3ficos 3\u2033, \u201cTextos Filos\u00f3ficos 4\u2033, \u201cTemas Contempor\u00e1neos de Historia de la Filosof\u00eda\u2033, \u201cEnse\u00f1anza de la Filosof\u00eda\u201d; y donde tambi\u00e9n ha impartido \u201cSeminario de Tesis 1 y 2\u2033,\u00a0\u201cOptativa de Textos Filos\u00f3ficos 4\u2033,\u00a0\u201cHistoria de la filosof\u00eda 3: Edad Media\u201d e \u201cHistoria de la filosof\u00eda 4: De Descartes al Renacimiento\u201d.<\/p>\n<p style=\"text-align: justify\">Tambi\u00e9n forma parte del\u00a0<em><strong>Grupo Acad\u00e9mico Marsilio Ficino<\/strong><\/em>\u00a0(FFyL-UNAM) y es Socio Numerario\u00a0de la\u00a0<strong><em>Asociaci\u00f3n Filos\u00f3fica de M\u00e9xico, A. C.<\/em><\/strong>, desde septiembre de 2006. Fue uno de los fundadores del\u00a0<em><strong>Grupo Estudiantil Doxonema<\/strong><\/em>\u00a0(FFyL-UNAM).<\/p>\n","protected":false},"excerpt":{"rendered":"<p>Socio Investigador\u00a0del\u00a0Centro de Estudios\u00a0Geneal\u00f3gicos para la Investigaci\u00f3n de la Cultura en M\u00e9xico y Am\u00e9rica Latina, A. C.\u00a0(desde febrero de 2007), donde ha participado en varios proyectos de investigaci\u00f3n como\u00a0Estudiante Asociado\u00a0(de mayo de\u00a02003 a junio de 2005) e\u00a0Investigador Asociado\u00a0(de junio de 2005 a febrero de 2007); y\u00a0donde actualmente desempe\u00f1a los cargos de\u00a0Vicepresidente del\u00a0Consejo de Directores\u00a0(desde el &hellip; <a href=\"https:\/\/estudiosgenealogicos.org\/genealogiadelaviolencia\/2014\/09\/17\/rafael-angel-gomez-choreno\/\" class=\"more-link\">Sigue leyendo <span class=\"screen-reader-text\">Rafael \u00c1ngel G\u00f3mez Chore\u00f1o<\/span><\/a><\/p>\n","protected":false},"author":6,"featured_media":0,"comment_status":"open","ping_status":"open","sticky":false,"template":"","format":"standard","meta":{"_bbp_topic_count":0,"_bbp_reply_count":0,"_bbp_total_topic_count":0,"_bbp_total_reply_count":0,"_bbp_voice_count":0,"_bbp_anonymous_reply_count":0,"_bbp_topic_count_hidden":0,"_bbp_reply_count_hidden":0,"_bbp_forum_subforum_count":0,"footnotes":""},"categories":[7,11,9],"tags":[],"class_list":["post-148","post","type-post","status-publish","format-standard","hentry","category-investigadores-asociados","category-seminario-violencia-anormalidad","category-violencia-y-espectaculo"],"_links":{"self":[{"href":"https:\/\/estudiosgenealogicos.org\/genealogiadelaviolencia\/wp-json\/wp\/v2\/posts\/148","targetHints":{"allow":["GET"]}}],"collection":[{"href":"https:\/\/estudiosgenealogicos.org\/genealogiadelaviolencia\/wp-json\/wp\/v2\/posts"}],"about":[{"href":"https:\/\/estudiosgenealogicos.org\/genealogiadelaviolencia\/wp-json\/wp\/v2\/types\/post"}],"author":[{"embeddable":true,"href":"https:\/\/estudiosgenealogicos.org\/genealogiadelaviolencia\/wp-json\/wp\/v2\/users\/6"}],"replies":[{"embeddable":true,"href":"https:\/\/estudiosgenealogicos.org\/genealogiadelaviolencia\/wp-json\/wp\/v2\/comments?post=148"}],"version-history":[{"count":2,"href":"https:\/\/estudiosgenealogicos.org\/genealogiadelaviolencia\/wp-json\/wp\/v2\/posts\/148\/revisions"}],"predecessor-version":[{"id":187,"href":"https:\/\/estudiosgenealogicos.org\/genealogiadelaviolencia\/wp-json\/wp\/v2\/posts\/148\/revisions\/187"}],"wp:attachment":[{"href":"https:\/\/estudiosgenealogicos.org\/genealogiadelaviolencia\/wp-json\/wp\/v2\/media?parent=148"}],"wp:term":[{"taxonomy":"category","embeddable":true,"href":"https:\/\/estudiosgenealogicos.org\/genealogiadelaviolencia\/wp-json\/wp\/v2\/categories?post=148"},{"taxonomy":"post_tag","embeddable":true,"href":"https:\/\/estudiosgenealogicos.org\/genealogiadelaviolencia\/wp-json\/wp\/v2\/tags?post=148"}],"curies":[{"name":"wp","href":"https:\/\/api.w.org\/{rel}","templated":true}]}}