{"id":151,"date":"2014-09-17T05:46:24","date_gmt":"2014-09-17T05:46:24","guid":{"rendered":"http:\/\/estudiosgenealogicos.org\/genealogiadelaviolencia\/?p=151"},"modified":"2014-09-17T06:20:48","modified_gmt":"2014-09-17T06:20:48","slug":"el-papel-del-mal-y-la-violencia-en-la-conformacion-de-la-cultura","status":"publish","type":"post","link":"https:\/\/estudiosgenealogicos.org\/genealogiadelaviolencia\/2014\/09\/17\/el-papel-del-mal-y-la-violencia-en-la-conformacion-de-la-cultura\/","title":{"rendered":"El papel del mal y la violencia en la conformaci\u00f3n de la cultura"},"content":{"rendered":"<p><a href=\"http:\/\/estudiosgenealogicos.org\/genealogiadelaviolencia\/files\/2014\/09\/Cuadernos-02.jpg\"><img loading=\"lazy\" decoding=\"async\" class=\"aligncenter size-medium wp-image-152\" alt=\"Cuadernos 02\" src=\"http:\/\/estudiosgenealogicos.org\/genealogiadelaviolencia\/files\/2014\/09\/Cuadernos-02-193x300.jpg\" width=\"193\" height=\"300\" srcset=\"https:\/\/estudiosgenealogicos.org\/genealogiadelaviolencia\/files\/2014\/09\/Cuadernos-02-193x300.jpg 193w, https:\/\/estudiosgenealogicos.org\/genealogiadelaviolencia\/files\/2014\/09\/Cuadernos-02-662x1024.jpg 662w, https:\/\/estudiosgenealogicos.org\/genealogiadelaviolencia\/files\/2014\/09\/Cuadernos-02.jpg 825w\" sizes=\"auto, (max-width: 193px) 100vw, 193px\" \/><\/a><\/p>\n<p>&nbsp;<\/p>\n<p style=\"text-align: justify\">L\u00d3PEZ GONZ\u00c1LEZ, Bily:<em>\u00a0<strong>El papel del mal y la violencia en la conformaci\u00f3n de la cultura\u00a0<\/strong><\/em>[Libro digital]. M\u00e9xico, Centro de Estudios Geneal\u00f3gicos (Cuadernos del CEGE, 2, Genealog\u00eda de la violencia), 2014. [ISBN: en tr\u00e1mite]<\/p>\n","protected":false},"excerpt":{"rendered":"<p>&nbsp; L\u00d3PEZ GONZ\u00c1LEZ, Bily:\u00a0El papel del mal y la violencia en la conformaci\u00f3n de la cultura\u00a0[Libro digital]. M\u00e9xico, Centro de Estudios Geneal\u00f3gicos (Cuadernos del CEGE, 2, Genealog\u00eda de la violencia), 2014. [ISBN: en tr\u00e1mite]<\/p>\n","protected":false},"author":6,"featured_media":0,"comment_status":"open","ping_status":"open","sticky":false,"template":"","format":"image","meta":{"_bbp_topic_count":0,"_bbp_reply_count":0,"_bbp_total_topic_count":0,"_bbp_total_reply_count":0,"_bbp_voice_count":0,"_bbp_anonymous_reply_count":0,"_bbp_topic_count_hidden":0,"_bbp_reply_count_hidden":0,"_bbp_forum_subforum_count":0,"footnotes":""},"categories":[14,10,11,9],"tags":[],"class_list":["post-151","post","type-post","status-publish","format-image","hentry","category-cuadernos-del-cege","category-publicaciones-cege","category-seminario-violencia-anormalidad","category-violencia-y-espectaculo","post_format-post-format-image"],"_links":{"self":[{"href":"https:\/\/estudiosgenealogicos.org\/genealogiadelaviolencia\/wp-json\/wp\/v2\/posts\/151","targetHints":{"allow":["GET"]}}],"collection":[{"href":"https:\/\/estudiosgenealogicos.org\/genealogiadelaviolencia\/wp-json\/wp\/v2\/posts"}],"about":[{"href":"https:\/\/estudiosgenealogicos.org\/genealogiadelaviolencia\/wp-json\/wp\/v2\/types\/post"}],"author":[{"embeddable":true,"href":"https:\/\/estudiosgenealogicos.org\/genealogiadelaviolencia\/wp-json\/wp\/v2\/users\/6"}],"replies":[{"embeddable":true,"href":"https:\/\/estudiosgenealogicos.org\/genealogiadelaviolencia\/wp-json\/wp\/v2\/comments?post=151"}],"version-history":[{"count":3,"href":"https:\/\/estudiosgenealogicos.org\/genealogiadelaviolencia\/wp-json\/wp\/v2\/posts\/151\/revisions"}],"predecessor-version":[{"id":170,"href":"https:\/\/estudiosgenealogicos.org\/genealogiadelaviolencia\/wp-json\/wp\/v2\/posts\/151\/revisions\/170"}],"wp:attachment":[{"href":"https:\/\/estudiosgenealogicos.org\/genealogiadelaviolencia\/wp-json\/wp\/v2\/media?parent=151"}],"wp:term":[{"taxonomy":"category","embeddable":true,"href":"https:\/\/estudiosgenealogicos.org\/genealogiadelaviolencia\/wp-json\/wp\/v2\/categories?post=151"},{"taxonomy":"post_tag","embeddable":true,"href":"https:\/\/estudiosgenealogicos.org\/genealogiadelaviolencia\/wp-json\/wp\/v2\/tags?post=151"}],"curies":[{"name":"wp","href":"https:\/\/api.w.org\/{rel}","templated":true}]}}