{"id":157,"date":"2014-09-17T05:51:47","date_gmt":"2014-09-17T05:51:47","guid":{"rendered":"http:\/\/estudiosgenealogicos.org\/genealogiadelaviolencia\/?p=157"},"modified":"2014-09-17T06:11:59","modified_gmt":"2014-09-17T06:11:59","slug":"revelaciones-del-nino-del-espejo","status":"publish","type":"post","link":"https:\/\/estudiosgenealogicos.org\/genealogiadelaviolencia\/2014\/09\/17\/revelaciones-del-nino-del-espejo\/","title":{"rendered":"Revelaciones del ni\u00f1o del espejo"},"content":{"rendered":"<p><a href=\"http:\/\/estudiosgenealogicos.org\/genealogiadelaviolencia\/files\/2014\/09\/Cuadernos-10.jpg\"><img loading=\"lazy\" decoding=\"async\" class=\"aligncenter size-medium wp-image-158\" alt=\"Cuadernos 10\" src=\"http:\/\/estudiosgenealogicos.org\/genealogiadelaviolencia\/files\/2014\/09\/Cuadernos-10-194x300.jpg\" width=\"194\" height=\"300\" srcset=\"https:\/\/estudiosgenealogicos.org\/genealogiadelaviolencia\/files\/2014\/09\/Cuadernos-10-194x300.jpg 194w, https:\/\/estudiosgenealogicos.org\/genealogiadelaviolencia\/files\/2014\/09\/Cuadernos-10-662x1024.jpg 662w, https:\/\/estudiosgenealogicos.org\/genealogiadelaviolencia\/files\/2014\/09\/Cuadernos-10.jpg 825w\" sizes=\"auto, (max-width: 194px) 100vw, 194px\" \/><\/a><\/p>\n<p>&nbsp;<\/p>\n<p style=\"text-align: justify\">G\u00d3MEZ CHORE\u00d1O, Rafael \u00c1ngel:<em>\u00a0Revelaciones del Ni\u00f1o del Espejo<strong>\u00a0<\/strong><\/em>[Libro digital]. M\u00e9xico, Centro de Estudios Geneal\u00f3gicos (Cuadernos del CEGE, 10, Genealog\u00eda de la violencia), 2014. [ISBN: en tr\u00e1mite]<\/p>\n","protected":false},"excerpt":{"rendered":"<p>&nbsp; G\u00d3MEZ CHORE\u00d1O, Rafael \u00c1ngel:\u00a0Revelaciones del Ni\u00f1o del Espejo\u00a0[Libro digital]. M\u00e9xico, Centro de Estudios Geneal\u00f3gicos (Cuadernos del CEGE, 10, Genealog\u00eda de la violencia), 2014. [ISBN: en tr\u00e1mite]<\/p>\n","protected":false},"author":6,"featured_media":0,"comment_status":"open","ping_status":"open","sticky":false,"template":"","format":"image","meta":{"_bbp_topic_count":0,"_bbp_reply_count":0,"_bbp_total_topic_count":0,"_bbp_total_reply_count":0,"_bbp_voice_count":0,"_bbp_anonymous_reply_count":0,"_bbp_topic_count_hidden":0,"_bbp_reply_count_hidden":0,"_bbp_forum_subforum_count":0,"footnotes":""},"categories":[14,10,11,9],"tags":[],"class_list":["post-157","post","type-post","status-publish","format-image","hentry","category-cuadernos-del-cege","category-publicaciones-cege","category-seminario-violencia-anormalidad","category-violencia-y-espectaculo","post_format-post-format-image"],"_links":{"self":[{"href":"https:\/\/estudiosgenealogicos.org\/genealogiadelaviolencia\/wp-json\/wp\/v2\/posts\/157","targetHints":{"allow":["GET"]}}],"collection":[{"href":"https:\/\/estudiosgenealogicos.org\/genealogiadelaviolencia\/wp-json\/wp\/v2\/posts"}],"about":[{"href":"https:\/\/estudiosgenealogicos.org\/genealogiadelaviolencia\/wp-json\/wp\/v2\/types\/post"}],"author":[{"embeddable":true,"href":"https:\/\/estudiosgenealogicos.org\/genealogiadelaviolencia\/wp-json\/wp\/v2\/users\/6"}],"replies":[{"embeddable":true,"href":"https:\/\/estudiosgenealogicos.org\/genealogiadelaviolencia\/wp-json\/wp\/v2\/comments?post=157"}],"version-history":[{"count":4,"href":"https:\/\/estudiosgenealogicos.org\/genealogiadelaviolencia\/wp-json\/wp\/v2\/posts\/157\/revisions"}],"predecessor-version":[{"id":193,"href":"https:\/\/estudiosgenealogicos.org\/genealogiadelaviolencia\/wp-json\/wp\/v2\/posts\/157\/revisions\/193"}],"wp:attachment":[{"href":"https:\/\/estudiosgenealogicos.org\/genealogiadelaviolencia\/wp-json\/wp\/v2\/media?parent=157"}],"wp:term":[{"taxonomy":"category","embeddable":true,"href":"https:\/\/estudiosgenealogicos.org\/genealogiadelaviolencia\/wp-json\/wp\/v2\/categories?post=157"},{"taxonomy":"post_tag","embeddable":true,"href":"https:\/\/estudiosgenealogicos.org\/genealogiadelaviolencia\/wp-json\/wp\/v2\/tags?post=157"}],"curies":[{"name":"wp","href":"https:\/\/api.w.org\/{rel}","templated":true}]}}