{"id":175,"date":"2014-09-18T04:01:55","date_gmt":"2014-09-18T04:01:55","guid":{"rendered":"http:\/\/estudiosgenealogicos.org\/genealogiadelaviolencia\/?p=175"},"modified":"2018-09-29T22:53:31","modified_gmt":"2018-09-29T22:53:31","slug":"terrorismo-analisis-genealogico-del-fenomeno-politico-cultural","status":"publish","type":"post","link":"https:\/\/estudiosgenealogicos.org\/genealogiadelaviolencia\/2014\/09\/18\/terrorismo-analisis-genealogico-del-fenomeno-politico-cultural\/","title":{"rendered":"Terrorismo: an\u00e1lisis geneal\u00f3gico del fen\u00f3meno pol\u00edtico-cultural"},"content":{"rendered":"<p><a href=\"http:\/\/estudiosgenealogicos.org\/genealogiadelaviolencia\/files\/2014\/09\/32493482-Violencia-Miedo-y-Seguridad.jpg\"><img loading=\"lazy\" decoding=\"async\" class=\"aligncenter size-medium wp-image-176\" src=\"http:\/\/estudiosgenealogicos.org\/genealogiadelaviolencia\/files\/2014\/09\/32493482-Violencia-Miedo-y-Seguridad-231x300.jpg\" alt=\"32493482-Violencia-Miedo-y-Seguridad\" width=\"231\" height=\"300\" srcset=\"https:\/\/estudiosgenealogicos.org\/genealogiadelaviolencia\/files\/2014\/09\/32493482-Violencia-Miedo-y-Seguridad-231x300.jpg 231w, https:\/\/estudiosgenealogicos.org\/genealogiadelaviolencia\/files\/2014\/09\/32493482-Violencia-Miedo-y-Seguridad-791x1024.jpg 791w, https:\/\/estudiosgenealogicos.org\/genealogiadelaviolencia\/files\/2014\/09\/32493482-Violencia-Miedo-y-Seguridad.jpg 1224w\" sizes=\"auto, (max-width: 231px) 100vw, 231px\" \/><\/a><\/p>\n<h2>ART\u00cdCULO EN REVISTA<\/h2>\n<h4 style=\"text-align: justify\">G\u00f3mez Chore\u00f1o, Rafael Angel,\u00a0<a title=\"Violencia Miedo y Seguridad\" href=\"http:\/\/es.scribd.com\/doc\/50552925\/Revista-Estudiantil-Movimiento-Numero-6-Violencia-Miedo-y-Seguridad\" target=\"_blank\" rel=\"noopener\"><strong>\u201cTerrorismo: an\u00e1lisis geneal\u00f3gico del fen\u00f3meno pol\u00edtico-cultural\u201d<\/strong>\u00a0[en l\u00ednea]<\/a>, en\u00a0<em>Revista Estudiantil Movimiento. Libertad de las Ideas.<\/em>\u00a0Bogot\u00e1, Colombia, Universidad de Santo Tom\u00e1s, N\u00fam. 6, \u201cViolencia, miedo y seguridad\u201d, enero-junio de 2010, pp. 22-25. [ISSN 2145-9177] Disponible en: &lt;http:\/\/es.scribd.com\/doc\/50552925\/Revista-Estudiantil-Movimiento-Numero-6-Violencia-Miedo-y-Seguridad&gt;<\/h4>\n","protected":false},"excerpt":{"rendered":"<p>ART\u00cdCULO EN REVISTA G\u00f3mez Chore\u00f1o, Rafael Angel,\u00a0\u201cTerrorismo: an\u00e1lisis geneal\u00f3gico del fen\u00f3meno pol\u00edtico-cultural\u201d\u00a0[en l\u00ednea], en\u00a0Revista Estudiantil Movimiento. Libertad de las Ideas.\u00a0Bogot\u00e1, Colombia, Universidad de Santo Tom\u00e1s, N\u00fam. 6, \u201cViolencia, miedo y seguridad\u201d, enero-junio de 2010, pp. 22-25. [ISSN 2145-9177] Disponible en: &lt;http:\/\/es.scribd.com\/doc\/50552925\/Revista-Estudiantil-Movimiento-Numero-6-Violencia-Miedo-y-Seguridad&gt;<\/p>\n","protected":false},"author":6,"featured_media":0,"comment_status":"open","ping_status":"open","sticky":false,"template":"","format":"link","meta":{"_bbp_topic_count":0,"_bbp_reply_count":0,"_bbp_total_topic_count":0,"_bbp_total_reply_count":0,"_bbp_voice_count":0,"_bbp_anonymous_reply_count":0,"_bbp_topic_count_hidden":0,"_bbp_reply_count_hidden":0,"_bbp_forum_subforum_count":0,"footnotes":""},"categories":[16,4,18,11,9],"tags":[],"class_list":["post-175","post","type-post","status-publish","format-link","hentry","category-grupo-de-investigacion-transversal-sobre-biopolitica-y-necropolitica-uacm","category-publicaciones","category-seminario-habitaciones-intempestivas-del-espacio-politica","category-seminario-violencia-anormalidad","category-violencia-y-espectaculo","post_format-post-format-link"],"_links":{"self":[{"href":"https:\/\/estudiosgenealogicos.org\/genealogiadelaviolencia\/wp-json\/wp\/v2\/posts\/175","targetHints":{"allow":["GET"]}}],"collection":[{"href":"https:\/\/estudiosgenealogicos.org\/genealogiadelaviolencia\/wp-json\/wp\/v2\/posts"}],"about":[{"href":"https:\/\/estudiosgenealogicos.org\/genealogiadelaviolencia\/wp-json\/wp\/v2\/types\/post"}],"author":[{"embeddable":true,"href":"https:\/\/estudiosgenealogicos.org\/genealogiadelaviolencia\/wp-json\/wp\/v2\/users\/6"}],"replies":[{"embeddable":true,"href":"https:\/\/estudiosgenealogicos.org\/genealogiadelaviolencia\/wp-json\/wp\/v2\/comments?post=175"}],"version-history":[{"count":3,"href":"https:\/\/estudiosgenealogicos.org\/genealogiadelaviolencia\/wp-json\/wp\/v2\/posts\/175\/revisions"}],"predecessor-version":[{"id":343,"href":"https:\/\/estudiosgenealogicos.org\/genealogiadelaviolencia\/wp-json\/wp\/v2\/posts\/175\/revisions\/343"}],"wp:attachment":[{"href":"https:\/\/estudiosgenealogicos.org\/genealogiadelaviolencia\/wp-json\/wp\/v2\/media?parent=175"}],"wp:term":[{"taxonomy":"category","embeddable":true,"href":"https:\/\/estudiosgenealogicos.org\/genealogiadelaviolencia\/wp-json\/wp\/v2\/categories?post=175"},{"taxonomy":"post_tag","embeddable":true,"href":"https:\/\/estudiosgenealogicos.org\/genealogiadelaviolencia\/wp-json\/wp\/v2\/tags?post=175"}],"curies":[{"name":"wp","href":"https:\/\/api.w.org\/{rel}","templated":true}]}}