{"id":239,"date":"2015-05-01T20:28:03","date_gmt":"2015-05-01T20:28:03","guid":{"rendered":"http:\/\/estudiosgenealogicos.org\/genealogiadelaviolencia\/?p=239"},"modified":"2018-09-29T22:35:10","modified_gmt":"2018-09-29T22:35:10","slug":"jorge-serrano-arellano","status":"publish","type":"post","link":"https:\/\/estudiosgenealogicos.org\/genealogiadelaviolencia\/2015\/05\/01\/jorge-serrano-arellano\/","title":{"rendered":"Jorge Serrano Arellano"},"content":{"rendered":"<p><a href=\"http:\/\/estudiosgenealogicos.org\/genealogiadelaviolencia\/files\/2015\/05\/10177367_1557914554435617_5768815802698590541_n.jpg\"><img loading=\"lazy\" decoding=\"async\" class=\"alignnone size-medium wp-image-240\" src=\"http:\/\/estudiosgenealogicos.org\/genealogiadelaviolencia\/files\/2015\/05\/10177367_1557914554435617_5768815802698590541_n-252x300.jpg\" alt=\"10177367_1557914554435617_5768815802698590541_n\" width=\"252\" height=\"300\" srcset=\"https:\/\/estudiosgenealogicos.org\/genealogiadelaviolencia\/files\/2015\/05\/10177367_1557914554435617_5768815802698590541_n-252x300.jpg 252w, https:\/\/estudiosgenealogicos.org\/genealogiadelaviolencia\/files\/2015\/05\/10177367_1557914554435617_5768815802698590541_n.jpg 328w\" sizes=\"auto, (max-width: 252px) 100vw, 252px\" \/><\/a><\/p>\n<p>&nbsp;<\/p>\n<p style=\"text-align: justify\"><strong>Estudiante Asociado\u00a0<\/strong>del\u00a0<em>Centro de Estudios\u00a0Geneal\u00f3gicos para la Investigaci\u00f3n de la Cultura en M\u00e9xico y Am\u00e9rica Latina, A. C.\u00a0<\/em>Participa en el Seminario Violencia<em>\u00a0y anormalidad<\/em>. Blog CEGE:\u00a0http:\/\/estudiosgenealogicos.org\/daimon\/<\/p>\n<p><strong>Estudiante<\/strong> de la Licenciatura en Filosof\u00eda, en la Facultad de Filosof\u00eda y Letras de la UNAM.<\/p>\n<p><strong>Ex miembro y vocero<\/strong>\u00a0del proyecto\u00a0Asesor\u00edas de L\u00f3gica para Estudiantes de Filosof\u00eda (A.L.E.F.)\u00a0de la\u00a0Facultad de Filosof\u00eda y Letras de la UNAM.<\/p>\n<p><strong>Lineas de inter\u00e9s<\/strong>: Genealog\u00eda, Filosof\u00eda Pol\u00edtica, Filosof\u00eda de la educaci\u00f3n, L\u00f3gica y Filosof\u00eda de las Matem\u00e1ticas.<\/p>\n<p><strong>Barista<\/strong> con experiencia laboral, <strong>Guitarrista<\/strong> amateur, <strong>Rapero<\/strong> patrocinado por el\u00a0sello discogr\u00e1fico\u00a0<em>Gandul Familia,\u00a0<\/em><strong>Ex diablero<\/strong> de la Central de Abasto.<\/p>\n","protected":false},"excerpt":{"rendered":"<p>&nbsp; Estudiante Asociado\u00a0del\u00a0Centro de Estudios\u00a0Geneal\u00f3gicos para la Investigaci\u00f3n de la Cultura en M\u00e9xico y Am\u00e9rica Latina, A. C.\u00a0Participa en el Seminario Violencia\u00a0y anormalidad. Blog CEGE:\u00a0http:\/\/estudiosgenealogicos.org\/daimon\/ Estudiante de la Licenciatura en Filosof\u00eda, en la Facultad de Filosof\u00eda y Letras de la UNAM. Ex miembro y vocero\u00a0del proyecto\u00a0Asesor\u00edas de L\u00f3gica para Estudiantes de Filosof\u00eda (A.L.E.F.)\u00a0de la\u00a0Facultad de &hellip; <a href=\"https:\/\/estudiosgenealogicos.org\/genealogiadelaviolencia\/2015\/05\/01\/jorge-serrano-arellano\/\" class=\"more-link\">Sigue leyendo <span class=\"screen-reader-text\">Jorge Serrano Arellano<\/span><\/a><\/p>\n","protected":false},"author":23,"featured_media":0,"comment_status":"open","ping_status":"open","sticky":false,"template":"","format":"standard","meta":{"_bbp_topic_count":0,"_bbp_reply_count":0,"_bbp_total_topic_count":0,"_bbp_total_reply_count":0,"_bbp_voice_count":0,"_bbp_anonymous_reply_count":0,"_bbp_topic_count_hidden":0,"_bbp_reply_count_hidden":0,"_bbp_forum_subforum_count":0,"footnotes":""},"categories":[8,11],"tags":[],"class_list":["post-239","post","type-post","status-publish","format-standard","hentry","category-estudiantes-asociados","category-seminario-violencia-anormalidad"],"_links":{"self":[{"href":"https:\/\/estudiosgenealogicos.org\/genealogiadelaviolencia\/wp-json\/wp\/v2\/posts\/239","targetHints":{"allow":["GET"]}}],"collection":[{"href":"https:\/\/estudiosgenealogicos.org\/genealogiadelaviolencia\/wp-json\/wp\/v2\/posts"}],"about":[{"href":"https:\/\/estudiosgenealogicos.org\/genealogiadelaviolencia\/wp-json\/wp\/v2\/types\/post"}],"author":[{"embeddable":true,"href":"https:\/\/estudiosgenealogicos.org\/genealogiadelaviolencia\/wp-json\/wp\/v2\/users\/23"}],"replies":[{"embeddable":true,"href":"https:\/\/estudiosgenealogicos.org\/genealogiadelaviolencia\/wp-json\/wp\/v2\/comments?post=239"}],"version-history":[{"count":6,"href":"https:\/\/estudiosgenealogicos.org\/genealogiadelaviolencia\/wp-json\/wp\/v2\/posts\/239\/revisions"}],"predecessor-version":[{"id":335,"href":"https:\/\/estudiosgenealogicos.org\/genealogiadelaviolencia\/wp-json\/wp\/v2\/posts\/239\/revisions\/335"}],"wp:attachment":[{"href":"https:\/\/estudiosgenealogicos.org\/genealogiadelaviolencia\/wp-json\/wp\/v2\/media?parent=239"}],"wp:term":[{"taxonomy":"category","embeddable":true,"href":"https:\/\/estudiosgenealogicos.org\/genealogiadelaviolencia\/wp-json\/wp\/v2\/categories?post=239"},{"taxonomy":"post_tag","embeddable":true,"href":"https:\/\/estudiosgenealogicos.org\/genealogiadelaviolencia\/wp-json\/wp\/v2\/tags?post=239"}],"curies":[{"name":"wp","href":"https:\/\/api.w.org\/{rel}","templated":true}]}}