{"id":266,"date":"2017-09-29T18:03:47","date_gmt":"2017-09-29T18:03:47","guid":{"rendered":"http:\/\/estudiosgenealogicos.org\/genealogiadelaviolencia\/?p=266"},"modified":"2018-09-30T01:19:53","modified_gmt":"2018-09-30T01:19:53","slug":"266","status":"publish","type":"post","link":"https:\/\/estudiosgenealogicos.org\/genealogiadelaviolencia\/2017\/09\/29\/266\/","title":{"rendered":"Reflexiones en torno a la violencia en M\u00e9xico"},"content":{"rendered":"<h2 style=\"text-align: justify\"><img loading=\"lazy\" decoding=\"async\" class=\"wp-image-267 alignright\" src=\"http:\/\/estudiosgenealogicos.org\/genealogiadelaviolencia\/files\/2018\/09\/PORTADA-Reflexiones-en-torno-a-la-violencia-210x300.jpeg\" alt=\"\" width=\"253\" height=\"356\" \/>LIBRO COLECTIVO<\/h2>\n<p style=\"text-align: justify\"><strong>Autor:<\/strong> Juan Carlos Ayala Barr\u00f3n (coord.)<\/p>\n<p style=\"text-align: justify\"><strong>T\u00edtulo:<\/strong>\u00a0<i>Reflexiones en torno a la violencia en M\u00e9xico: acercamientos filos\u00f3ficos y sociales<\/i><\/p>\n<p style=\"text-align: justify\"><strong>Ciudad de edici\u00f3n:<\/strong>\u00a0Culiac\u00e1n, Sinaloa<\/p>\n<p style=\"text-align: justify\"><strong>Editorial:<\/strong> Universidad Aut\u00f3noma de Sinaloa<\/p>\n<p style=\"text-align: justify\"><strong>A\u00f1o de publicaci\u00f3n:<\/strong> 2016<\/p>\n<p><strong>Colecci\u00f3n:<\/strong> Filosof\u00eda<\/p>\n<p><strong>ISBN:<\/strong> 978-607-737-153-3<\/p>\n","protected":false},"excerpt":{"rendered":"<p>LIBRO COLECTIVO Autor: Juan Carlos Ayala Barr\u00f3n (coord.) T\u00edtulo:\u00a0Reflexiones en torno a la violencia en M\u00e9xico: acercamientos filos\u00f3ficos y sociales Ciudad de edici\u00f3n:\u00a0Culiac\u00e1n, Sinaloa Editorial: Universidad Aut\u00f3noma de Sinaloa A\u00f1o de publicaci\u00f3n: 2016 Colecci\u00f3n: Filosof\u00eda ISBN: 978-607-737-153-3<\/p>\n","protected":false},"author":6,"featured_media":0,"comment_status":"open","ping_status":"open","sticky":false,"template":"","format":"standard","meta":{"_bbp_topic_count":0,"_bbp_reply_count":0,"_bbp_total_topic_count":0,"_bbp_total_reply_count":0,"_bbp_voice_count":0,"_bbp_anonymous_reply_count":0,"_bbp_topic_count_hidden":0,"_bbp_reply_count_hidden":0,"_bbp_forum_subforum_count":0,"footnotes":""},"categories":[17,4],"tags":[],"class_list":["post-266","post","type-post","status-publish","format-standard","hentry","category-para-la-biblioteca","category-publicaciones"],"_links":{"self":[{"href":"https:\/\/estudiosgenealogicos.org\/genealogiadelaviolencia\/wp-json\/wp\/v2\/posts\/266","targetHints":{"allow":["GET"]}}],"collection":[{"href":"https:\/\/estudiosgenealogicos.org\/genealogiadelaviolencia\/wp-json\/wp\/v2\/posts"}],"about":[{"href":"https:\/\/estudiosgenealogicos.org\/genealogiadelaviolencia\/wp-json\/wp\/v2\/types\/post"}],"author":[{"embeddable":true,"href":"https:\/\/estudiosgenealogicos.org\/genealogiadelaviolencia\/wp-json\/wp\/v2\/users\/6"}],"replies":[{"embeddable":true,"href":"https:\/\/estudiosgenealogicos.org\/genealogiadelaviolencia\/wp-json\/wp\/v2\/comments?post=266"}],"version-history":[{"count":9,"href":"https:\/\/estudiosgenealogicos.org\/genealogiadelaviolencia\/wp-json\/wp\/v2\/posts\/266\/revisions"}],"predecessor-version":[{"id":389,"href":"https:\/\/estudiosgenealogicos.org\/genealogiadelaviolencia\/wp-json\/wp\/v2\/posts\/266\/revisions\/389"}],"wp:attachment":[{"href":"https:\/\/estudiosgenealogicos.org\/genealogiadelaviolencia\/wp-json\/wp\/v2\/media?parent=266"}],"wp:term":[{"taxonomy":"category","embeddable":true,"href":"https:\/\/estudiosgenealogicos.org\/genealogiadelaviolencia\/wp-json\/wp\/v2\/categories?post=266"},{"taxonomy":"post_tag","embeddable":true,"href":"https:\/\/estudiosgenealogicos.org\/genealogiadelaviolencia\/wp-json\/wp\/v2\/tags?post=266"}],"curies":[{"name":"wp","href":"https:\/\/api.w.org\/{rel}","templated":true}]}}