{"id":275,"date":"2017-09-20T18:15:23","date_gmt":"2017-09-20T18:15:23","guid":{"rendered":"http:\/\/estudiosgenealogicos.org\/genealogiadelaviolencia\/?p=275"},"modified":"2018-09-30T02:13:15","modified_gmt":"2018-09-30T02:13:15","slug":"4o-coloquio-internacional-sobre-violencia","status":"publish","type":"post","link":"https:\/\/estudiosgenealogicos.org\/genealogiadelaviolencia\/2017\/09\/20\/4o-coloquio-internacional-sobre-violencia\/","title":{"rendered":"4\u00ba Coloquio Internacional sobre Violencia"},"content":{"rendered":"<p><img loading=\"lazy\" decoding=\"async\" class=\"aligncenter wp-image-276\" src=\"http:\/\/estudiosgenealogicos.org\/genealogiadelaviolencia\/files\/2018\/09\/Cartel-IV-Violencia-Sinaloa-663x1024.jpg\" alt=\"\" width=\"432\" height=\"661\" \/><\/p>\n<p style=\"text-align: justify\"><strong>4\u00ba Coloquio Internacional sobre Violencia<\/strong>, organizado por el Dr. Juan Carlos Ayala Barr\u00f3n,\u00a0a trav\u00e9s del Cuerpo Acad\u00e9mico Humanismo e Identidad Cultural, se llev\u00f3 a cabo en la Sala de usos M\u00faltiples-Torre Acad\u00e9mica de la Universidad Aut\u00f3noma de Sinaloa, los d\u00edas 18 y 19 de octubre de 2017.<\/p>\n<p>En este evento participaron los siguientes investigadores del CEGE:<\/p>\n<p><strong>Rafael \u00c1ngel G\u00f3mez Chore\u00f1o <\/strong>(FFyL-UNAM\/CEGE)<\/p>\n<p>&nbsp;<\/p>\n<p>Tambi\u00e9n participaron:<\/p>\n<p><strong>Luis Astorga<\/strong> (IIS-UNAM)<\/p>\n<p><strong>Carlos Pereda<\/strong> (IIF-UNAM)<\/p>\n<p><strong>Gerardo de la Fuente <\/strong>(FFyL-UNAM)<\/p>\n<p><strong>C\u00e9sar Alarc\u00f3n<\/strong> (UNAM)<\/p>\n<p><strong>Jos\u00e9 Manuel Valenzuela Arce<\/strong> (COLEF)<\/p>\n<p><strong>Gabriela\u00a0Polit <\/strong>(University of Texas Austin)<\/p>\n<p><strong>Juan Carlos Ram\u00edrez Pimienta<\/strong> (San Diego State University)<\/p>\n<p><strong>Kim D\u00edaz <\/strong>(El Paso Community College Texas)<\/p>\n<p><strong>Carlos S\u00e1nchez<\/strong> (San Jos\u00e9 State University)<\/p>\n<p><strong>Lilian Paola Ovalle<\/strong> (UABC)<\/p>\n<p><strong>Stefano Santasilla<\/strong> (UASLP)<\/p>\n<p><strong>Arturo Aguirre Moreno<\/strong> (BUAP)<\/p>\n<p><strong>Arturo Ch\u00e1vez<\/strong> (BUAP)<\/p>\n<p><strong>Ignacio Hern\u00e1ndez<\/strong> (BUAP)<\/p>\n<p><strong>Rub\u00ed de Mar\u00eda G\u00f3mez Campos<\/strong> (UMSNH)<\/p>\n<p><strong>Mar\u00eda Fernanda Gonz\u00e1lez<\/strong> (Universidad de Santiago de Cali\/ UMSNH)<\/p>\n<p><strong>Juan Antonio Fern\u00e1ndez<\/strong> (Universidad Tec Milenio)<\/p>\n<p><strong>Julio Hern\u00e1ndez<\/strong> (La Jornada)<\/p>\n<p><strong>Ismael Bojorgez<\/strong>\u00a0(R\u00edo Doce)<\/p>\n<p><strong>Mar\u00eda Veraza <\/strong>(Freelance WordPress)<\/p>\n<p><strong>Anajilda Moncada<\/strong> (U de O)<\/p>\n<p><strong>David Moreno<\/strong> (U de O)<\/p>\n<p><strong>Arturo Liz\u00e1rraga <\/strong>(UAS)<\/p>\n<p><strong>Nery C\u00f3rdoba <\/strong>(UAS)<\/p>\n<p><strong>C\u00e9sar Burgos<\/strong> (UAS)<\/p>\n<p><strong>Gerardo Valencia<\/strong> (UAS)<\/p>\n<p><strong>Juan Carlos Ayala Barr\u00f3n<\/strong> (UAS)<\/p>\n","protected":false},"excerpt":{"rendered":"<p>4\u00ba Coloquio Internacional sobre Violencia, organizado por el Dr. Juan Carlos Ayala Barr\u00f3n,\u00a0a trav\u00e9s del Cuerpo Acad\u00e9mico Humanismo e Identidad Cultural, se llev\u00f3 a cabo en la Sala de usos M\u00faltiples-Torre Acad\u00e9mica de la Universidad Aut\u00f3noma de Sinaloa, los d\u00edas 18 y 19 de octubre de 2017. En este evento participaron los siguientes investigadores del &hellip; <a href=\"https:\/\/estudiosgenealogicos.org\/genealogiadelaviolencia\/2017\/09\/20\/4o-coloquio-internacional-sobre-violencia\/\" class=\"more-link\">Sigue leyendo <span class=\"screen-reader-text\">4\u00ba Coloquio Internacional sobre Violencia<\/span><\/a><\/p>\n","protected":false},"author":6,"featured_media":0,"comment_status":"open","ping_status":"open","sticky":false,"template":"","format":"standard","meta":{"_bbp_topic_count":0,"_bbp_reply_count":0,"_bbp_total_topic_count":0,"_bbp_total_reply_count":0,"_bbp_voice_count":0,"_bbp_anonymous_reply_count":0,"_bbp_topic_count_hidden":0,"_bbp_reply_count_hidden":0,"_bbp_forum_subforum_count":0,"footnotes":""},"categories":[6],"tags":[],"class_list":["post-275","post","type-post","status-publish","format-standard","hentry","category-actividades-academicas-externas"],"_links":{"self":[{"href":"https:\/\/estudiosgenealogicos.org\/genealogiadelaviolencia\/wp-json\/wp\/v2\/posts\/275","targetHints":{"allow":["GET"]}}],"collection":[{"href":"https:\/\/estudiosgenealogicos.org\/genealogiadelaviolencia\/wp-json\/wp\/v2\/posts"}],"about":[{"href":"https:\/\/estudiosgenealogicos.org\/genealogiadelaviolencia\/wp-json\/wp\/v2\/types\/post"}],"author":[{"embeddable":true,"href":"https:\/\/estudiosgenealogicos.org\/genealogiadelaviolencia\/wp-json\/wp\/v2\/users\/6"}],"replies":[{"embeddable":true,"href":"https:\/\/estudiosgenealogicos.org\/genealogiadelaviolencia\/wp-json\/wp\/v2\/comments?post=275"}],"version-history":[{"count":9,"href":"https:\/\/estudiosgenealogicos.org\/genealogiadelaviolencia\/wp-json\/wp\/v2\/posts\/275\/revisions"}],"predecessor-version":[{"id":403,"href":"https:\/\/estudiosgenealogicos.org\/genealogiadelaviolencia\/wp-json\/wp\/v2\/posts\/275\/revisions\/403"}],"wp:attachment":[{"href":"https:\/\/estudiosgenealogicos.org\/genealogiadelaviolencia\/wp-json\/wp\/v2\/media?parent=275"}],"wp:term":[{"taxonomy":"category","embeddable":true,"href":"https:\/\/estudiosgenealogicos.org\/genealogiadelaviolencia\/wp-json\/wp\/v2\/categories?post=275"},{"taxonomy":"post_tag","embeddable":true,"href":"https:\/\/estudiosgenealogicos.org\/genealogiadelaviolencia\/wp-json\/wp\/v2\/tags?post=275"}],"curies":[{"name":"wp","href":"https:\/\/api.w.org\/{rel}","templated":true}]}}