{"id":279,"date":"2018-07-29T18:17:29","date_gmt":"2018-07-29T18:17:29","guid":{"rendered":"http:\/\/estudiosgenealogicos.org\/genealogiadelaviolencia\/?p=279"},"modified":"2018-09-30T01:12:50","modified_gmt":"2018-09-30T01:12:50","slug":"primer-encuentro-nacional-de-cuerpos-academicos-red-de-estudios-de-filosofia-sobre-la-cultura-violencia-y-poder","status":"publish","type":"post","link":"https:\/\/estudiosgenealogicos.org\/genealogiadelaviolencia\/2018\/07\/29\/primer-encuentro-nacional-de-cuerpos-academicos-red-de-estudios-de-filosofia-sobre-la-cultura-violencia-y-poder\/","title":{"rendered":"Primer Encuentro Nacional de Cuerpos Acad\u00e9micos \u201cRed de Estudios de Filosof\u00eda sobre la Cultura, Violencia y Poder\u201d"},"content":{"rendered":"<p><img loading=\"lazy\" decoding=\"async\" class=\"aligncenter  wp-image-280\" src=\"http:\/\/estudiosgenealogicos.org\/genealogiadelaviolencia\/files\/2018\/09\/Cartel-Pimer-Encuentro-de-Cuerpos-Acad\u00e9micos-663x1024.jpg\" alt=\"\" width=\"417\" height=\"638\" \/><\/p>\n<p><strong>\u201cGENEALOG\u00cdA DE LA VIOLENCIA: UN PROGRAMA DE INVESTIGACI\u00d3N PARA ESTUDIAR LA VIOLENCIA EN M\u00c9XICO<\/strong><strong>\u201d<\/strong><\/p>\n<p style=\"text-align: justify\">Present\u00e9 esta ponencia sobre este PROGRAMA DE INVESTIGACI\u00d3N el jueves 12 de abril de 2018, a las 16:00 horas, en el Primer Encuentro Nacional de Cuerpos Acad\u00e9micos, en el marco de las actividades acad\u00e9micas de la Red de Estudios de Filosof\u00eda sobre la Cultura, Violencia y Poder, que se llev\u00f3 a cabo en el Sal\u00f3n de Usos M\u00faltiples del Edificio Arronte de la Facultad de Filosof\u00eda y Letras de la BUAP.<\/p>\n","protected":false},"excerpt":{"rendered":"<p>\u201cGENEALOG\u00cdA DE LA VIOLENCIA: UN PROGRAMA DE INVESTIGACI\u00d3N PARA ESTUDIAR LA VIOLENCIA EN M\u00c9XICO\u201d Present\u00e9 esta ponencia sobre este PROGRAMA DE INVESTIGACI\u00d3N el jueves 12 de abril de 2018, a las 16:00 horas, en el Primer Encuentro Nacional de Cuerpos Acad\u00e9micos, en el marco de las actividades acad\u00e9micas de la Red de Estudios de Filosof\u00eda &hellip; <a href=\"https:\/\/estudiosgenealogicos.org\/genealogiadelaviolencia\/2018\/07\/29\/primer-encuentro-nacional-de-cuerpos-academicos-red-de-estudios-de-filosofia-sobre-la-cultura-violencia-y-poder\/\" class=\"more-link\">Sigue leyendo <span class=\"screen-reader-text\">Primer Encuentro Nacional de Cuerpos Acad\u00e9micos \u201cRed de Estudios de Filosof\u00eda sobre la Cultura, Violencia y Poder\u201d<\/span><\/a><\/p>\n","protected":false},"author":6,"featured_media":0,"comment_status":"open","ping_status":"open","sticky":false,"template":"","format":"standard","meta":{"_bbp_topic_count":0,"_bbp_reply_count":0,"_bbp_total_topic_count":0,"_bbp_total_reply_count":0,"_bbp_voice_count":0,"_bbp_anonymous_reply_count":0,"_bbp_topic_count_hidden":0,"_bbp_reply_count_hidden":0,"_bbp_forum_subforum_count":0,"footnotes":""},"categories":[6,16,11,9],"tags":[],"class_list":["post-279","post","type-post","status-publish","format-standard","hentry","category-actividades-academicas-externas","category-grupo-de-investigacion-transversal-sobre-biopolitica-y-necropolitica-uacm","category-seminario-violencia-anormalidad","category-violencia-y-espectaculo"],"_links":{"self":[{"href":"https:\/\/estudiosgenealogicos.org\/genealogiadelaviolencia\/wp-json\/wp\/v2\/posts\/279","targetHints":{"allow":["GET"]}}],"collection":[{"href":"https:\/\/estudiosgenealogicos.org\/genealogiadelaviolencia\/wp-json\/wp\/v2\/posts"}],"about":[{"href":"https:\/\/estudiosgenealogicos.org\/genealogiadelaviolencia\/wp-json\/wp\/v2\/types\/post"}],"author":[{"embeddable":true,"href":"https:\/\/estudiosgenealogicos.org\/genealogiadelaviolencia\/wp-json\/wp\/v2\/users\/6"}],"replies":[{"embeddable":true,"href":"https:\/\/estudiosgenealogicos.org\/genealogiadelaviolencia\/wp-json\/wp\/v2\/comments?post=279"}],"version-history":[{"count":7,"href":"https:\/\/estudiosgenealogicos.org\/genealogiadelaviolencia\/wp-json\/wp\/v2\/posts\/279\/revisions"}],"predecessor-version":[{"id":383,"href":"https:\/\/estudiosgenealogicos.org\/genealogiadelaviolencia\/wp-json\/wp\/v2\/posts\/279\/revisions\/383"}],"wp:attachment":[{"href":"https:\/\/estudiosgenealogicos.org\/genealogiadelaviolencia\/wp-json\/wp\/v2\/media?parent=279"}],"wp:term":[{"taxonomy":"category","embeddable":true,"href":"https:\/\/estudiosgenealogicos.org\/genealogiadelaviolencia\/wp-json\/wp\/v2\/categories?post=279"},{"taxonomy":"post_tag","embeddable":true,"href":"https:\/\/estudiosgenealogicos.org\/genealogiadelaviolencia\/wp-json\/wp\/v2\/tags?post=279"}],"curies":[{"name":"wp","href":"https:\/\/api.w.org\/{rel}","templated":true}]}}