{"id":282,"date":"2016-09-29T20:45:15","date_gmt":"2016-09-29T20:45:15","guid":{"rendered":"http:\/\/estudiosgenealogicos.org\/genealogiadelaviolencia\/?p=282"},"modified":"2018-09-30T01:28:22","modified_gmt":"2018-09-30T01:28:22","slug":"3er-coloquio-nacional-sobre-violencia","status":"publish","type":"post","link":"https:\/\/estudiosgenealogicos.org\/genealogiadelaviolencia\/2016\/09\/29\/3er-coloquio-nacional-sobre-violencia\/","title":{"rendered":"3er Coloquio Nacional sobre Violencia"},"content":{"rendered":"<p>&nbsp;<\/p>\n<p><img loading=\"lazy\" decoding=\"async\" class=\"aligncenter  wp-image-283\" src=\"http:\/\/estudiosgenealogicos.org\/genealogiadelaviolencia\/files\/2018\/09\/Cartel-III-Violencia-Sinaloa-663x1024.jpg\" alt=\"\" width=\"433\" height=\"663\" \/><\/p>\n<p style=\"text-align: justify\">Algunos miembros del CEGE participamos en el 3er Coloquio Nacional sobre Violencia, que se llev\u00f3 a cabo en la Facultad de la Universidad Aut\u00f3noma de Sinaloa, a trav\u00e9s del Cuerpo Acad\u00e9mico Humanismo e Identidad Cultural, el 17 de noviembre de 2016, bajo la coordinaci\u00f3n general del Dr. Juan Carlos Ayala Barr\u00f3n.<\/p>\n","protected":false},"excerpt":{"rendered":"<p>&nbsp; Algunos miembros del CEGE participamos en el 3er Coloquio Nacional sobre Violencia, que se llev\u00f3 a cabo en la Facultad de la Universidad Aut\u00f3noma de Sinaloa, a trav\u00e9s del Cuerpo Acad\u00e9mico Humanismo e Identidad Cultural, el 17 de noviembre de 2016, bajo la coordinaci\u00f3n general del Dr. Juan Carlos Ayala Barr\u00f3n.<\/p>\n","protected":false},"author":6,"featured_media":0,"comment_status":"open","ping_status":"open","sticky":false,"template":"","format":"standard","meta":{"_bbp_topic_count":0,"_bbp_reply_count":0,"_bbp_total_topic_count":0,"_bbp_total_reply_count":0,"_bbp_voice_count":0,"_bbp_anonymous_reply_count":0,"_bbp_topic_count_hidden":0,"_bbp_reply_count_hidden":0,"_bbp_forum_subforum_count":0,"footnotes":""},"categories":[6],"tags":[],"class_list":["post-282","post","type-post","status-publish","format-standard","hentry","category-actividades-academicas-externas"],"_links":{"self":[{"href":"https:\/\/estudiosgenealogicos.org\/genealogiadelaviolencia\/wp-json\/wp\/v2\/posts\/282","targetHints":{"allow":["GET"]}}],"collection":[{"href":"https:\/\/estudiosgenealogicos.org\/genealogiadelaviolencia\/wp-json\/wp\/v2\/posts"}],"about":[{"href":"https:\/\/estudiosgenealogicos.org\/genealogiadelaviolencia\/wp-json\/wp\/v2\/types\/post"}],"author":[{"embeddable":true,"href":"https:\/\/estudiosgenealogicos.org\/genealogiadelaviolencia\/wp-json\/wp\/v2\/users\/6"}],"replies":[{"embeddable":true,"href":"https:\/\/estudiosgenealogicos.org\/genealogiadelaviolencia\/wp-json\/wp\/v2\/comments?post=282"}],"version-history":[{"count":5,"href":"https:\/\/estudiosgenealogicos.org\/genealogiadelaviolencia\/wp-json\/wp\/v2\/posts\/282\/revisions"}],"predecessor-version":[{"id":393,"href":"https:\/\/estudiosgenealogicos.org\/genealogiadelaviolencia\/wp-json\/wp\/v2\/posts\/282\/revisions\/393"}],"wp:attachment":[{"href":"https:\/\/estudiosgenealogicos.org\/genealogiadelaviolencia\/wp-json\/wp\/v2\/media?parent=282"}],"wp:term":[{"taxonomy":"category","embeddable":true,"href":"https:\/\/estudiosgenealogicos.org\/genealogiadelaviolencia\/wp-json\/wp\/v2\/categories?post=282"},{"taxonomy":"post_tag","embeddable":true,"href":"https:\/\/estudiosgenealogicos.org\/genealogiadelaviolencia\/wp-json\/wp\/v2\/tags?post=282"}],"curies":[{"name":"wp","href":"https:\/\/api.w.org\/{rel}","templated":true}]}}