{"id":299,"date":"2015-09-29T21:08:56","date_gmt":"2015-09-29T21:08:56","guid":{"rendered":"http:\/\/estudiosgenealogicos.org\/genealogiadelaviolencia\/?p=299"},"modified":"2018-09-30T02:30:09","modified_gmt":"2018-09-30T02:30:09","slug":"299","status":"publish","type":"post","link":"https:\/\/estudiosgenealogicos.org\/genealogiadelaviolencia\/2015\/09\/29\/299\/","title":{"rendered":"Segundas Jornadas de An\u00e1lisis sobre la Violencia"},"content":{"rendered":"<p>&nbsp;<\/p>\n<p><img loading=\"lazy\" decoding=\"async\" class=\"aligncenter wp-image-300\" src=\"http:\/\/estudiosgenealogicos.org\/genealogiadelaviolencia\/files\/2018\/09\/Cartel-II-Violencia-Sinaloa-674x1024.jpg\" alt=\"\" width=\"437\" height=\"659\" \/><\/p>\n<p style=\"text-align: justify\">Algunos miembros del CEGE participamos en la <strong>Segunda Jornada de An\u00e1lisis sobre la Violencia<\/strong>, que se llev\u00f3 a cabo en el Auditorio de la Facultad de Filosof\u00eda y Letras de la Universidad Aut\u00f3noma de Sinaloa, a trav\u00e9s del Cuerpo Acad\u00e9mico Humanismo e Identidad Cultural, el 28, 29 y 30 de octubre de 2015, bajo la coordinaci\u00f3n general del Dr. Juan Carlos Ayala Barr\u00f3n y la participaci\u00f3n interinstitucional de la Universidad Nacional Aut\u00f3noma de M\u00e9xico y la Benem\u00e9rita Universidad Aut\u00f3noma de Puebla.<\/p>\n<p>Los investigadores del CEGE que participaron en este evento son:<\/p>\n<p><strong>Arturo Montoya Hern\u00e1ndez<\/strong><\/p>\n<p><strong>Rafael Peralta Mart\u00ednez<\/strong><\/p>\n<p><strong>Rafael \u00c1ngel G\u00f3mez Chore\u00f1o<\/strong><\/p>\n<p>&nbsp;<\/p>\n<p>Tambi\u00e9n participaron:<\/p>\n<p><strong>Eduardo Subirats<\/strong> (Universidad de Nueva York)<\/p>\n<p><strong>Arturo Aguirre Moreno <\/strong>(BUAP)<\/p>\n<p><strong>Giovanni Perea Tinajero<\/strong> (BUAP)<\/p>\n<p><strong>Eduardo Yahir Baez<\/strong> (BUap)<\/p>\n<p><strong>Ignacio Hern\u00e1ndez<\/strong> (BUAP)<\/p>\n<p><strong>Arturo Ch\u00e1vez<\/strong> (BUAP)<\/p>\n<p><strong>Elizabeth Camargo<\/strong> (IMAC-Puebla)<\/p>\n<p><strong>Ismael Bojorguez<\/strong> (R\u00edo Doce)<\/p>\n<p><strong>C\u00e9sar Jes\u00fas Burgos D\u00e1vila<\/strong> (UAS)<\/p>\n","protected":false},"excerpt":{"rendered":"<p>&nbsp; Algunos miembros del CEGE participamos en la Segunda Jornada de An\u00e1lisis sobre la Violencia, que se llev\u00f3 a cabo en el Auditorio de la Facultad de Filosof\u00eda y Letras de la Universidad Aut\u00f3noma de Sinaloa, a trav\u00e9s del Cuerpo Acad\u00e9mico Humanismo e Identidad Cultural, el 28, 29 y 30 de octubre de 2015, bajo &hellip; <a href=\"https:\/\/estudiosgenealogicos.org\/genealogiadelaviolencia\/2015\/09\/29\/299\/\" class=\"more-link\">Sigue leyendo <span class=\"screen-reader-text\">Segundas Jornadas de An\u00e1lisis sobre la Violencia<\/span><\/a><\/p>\n","protected":false},"author":6,"featured_media":0,"comment_status":"open","ping_status":"open","sticky":false,"template":"","format":"standard","meta":{"_bbp_topic_count":0,"_bbp_reply_count":0,"_bbp_total_topic_count":0,"_bbp_total_reply_count":0,"_bbp_voice_count":0,"_bbp_anonymous_reply_count":0,"_bbp_topic_count_hidden":0,"_bbp_reply_count_hidden":0,"_bbp_forum_subforum_count":0,"footnotes":""},"categories":[6,11,9],"tags":[],"class_list":["post-299","post","type-post","status-publish","format-standard","hentry","category-actividades-academicas-externas","category-seminario-violencia-anormalidad","category-violencia-y-espectaculo"],"_links":{"self":[{"href":"https:\/\/estudiosgenealogicos.org\/genealogiadelaviolencia\/wp-json\/wp\/v2\/posts\/299","targetHints":{"allow":["GET"]}}],"collection":[{"href":"https:\/\/estudiosgenealogicos.org\/genealogiadelaviolencia\/wp-json\/wp\/v2\/posts"}],"about":[{"href":"https:\/\/estudiosgenealogicos.org\/genealogiadelaviolencia\/wp-json\/wp\/v2\/types\/post"}],"author":[{"embeddable":true,"href":"https:\/\/estudiosgenealogicos.org\/genealogiadelaviolencia\/wp-json\/wp\/v2\/users\/6"}],"replies":[{"embeddable":true,"href":"https:\/\/estudiosgenealogicos.org\/genealogiadelaviolencia\/wp-json\/wp\/v2\/comments?post=299"}],"version-history":[{"count":7,"href":"https:\/\/estudiosgenealogicos.org\/genealogiadelaviolencia\/wp-json\/wp\/v2\/posts\/299\/revisions"}],"predecessor-version":[{"id":405,"href":"https:\/\/estudiosgenealogicos.org\/genealogiadelaviolencia\/wp-json\/wp\/v2\/posts\/299\/revisions\/405"}],"wp:attachment":[{"href":"https:\/\/estudiosgenealogicos.org\/genealogiadelaviolencia\/wp-json\/wp\/v2\/media?parent=299"}],"wp:term":[{"taxonomy":"category","embeddable":true,"href":"https:\/\/estudiosgenealogicos.org\/genealogiadelaviolencia\/wp-json\/wp\/v2\/categories?post=299"},{"taxonomy":"post_tag","embeddable":true,"href":"https:\/\/estudiosgenealogicos.org\/genealogiadelaviolencia\/wp-json\/wp\/v2\/tags?post=299"}],"curies":[{"name":"wp","href":"https:\/\/api.w.org\/{rel}","templated":true}]}}