{"id":328,"date":"2016-05-19T22:16:48","date_gmt":"2016-05-19T22:16:48","guid":{"rendered":"http:\/\/estudiosgenealogicos.org\/genealogiadelaviolencia\/?p=328"},"modified":"2018-09-30T01:29:47","modified_gmt":"2018-09-30T01:29:47","slug":"328","status":"publish","type":"post","link":"https:\/\/estudiosgenealogicos.org\/genealogiadelaviolencia\/2016\/05\/19\/328\/","title":{"rendered":"Marx y el enfoque geneal\u00f3gico"},"content":{"rendered":"<p><img loading=\"lazy\" decoding=\"async\" class=\"aligncenter  wp-image-329\" src=\"http:\/\/estudiosgenealogicos.org\/genealogiadelaviolencia\/files\/2018\/09\/MARXyelenfoqueGenealogico_CEGE_600.png\" alt=\"\" width=\"430\" height=\"660\" \/><\/p>\n<p style=\"text-align: justify\">Los miembros del <strong>Seminario Habitaciones Intempestivas del Espacio Pol\u00edtico<\/strong>, organizaron este Coloquio \u00abMarx y el enfoque geneal\u00f3gico\u00bb, que se llev\u00f3 a cabo el 25 de junio de 2016 en La taza de los sue\u00f1os, con la participaci\u00f3n de miembros del CEGE de todos los programas de investigaci\u00f3n.<\/p>\n","protected":false},"excerpt":{"rendered":"<p>Los miembros del Seminario Habitaciones Intempestivas del Espacio Pol\u00edtico, organizaron este Coloquio \u00abMarx y el enfoque geneal\u00f3gico\u00bb, que se llev\u00f3 a cabo el 25 de junio de 2016 en La taza de los sue\u00f1os, con la participaci\u00f3n de miembros del CEGE de todos los programas de investigaci\u00f3n.<\/p>\n","protected":false},"author":6,"featured_media":0,"comment_status":"open","ping_status":"open","sticky":false,"template":"","format":"standard","meta":{"_bbp_topic_count":0,"_bbp_reply_count":0,"_bbp_total_topic_count":0,"_bbp_total_reply_count":0,"_bbp_voice_count":0,"_bbp_anonymous_reply_count":0,"_bbp_topic_count_hidden":0,"_bbp_reply_count_hidden":0,"_bbp_forum_subforum_count":0,"footnotes":""},"categories":[5,16,18,11,9],"tags":[],"class_list":["post-328","post","type-post","status-publish","format-standard","hentry","category-actividades-academicas-del-cege","category-grupo-de-investigacion-transversal-sobre-biopolitica-y-necropolitica-uacm","category-seminario-habitaciones-intempestivas-del-espacio-politica","category-seminario-violencia-anormalidad","category-violencia-y-espectaculo"],"_links":{"self":[{"href":"https:\/\/estudiosgenealogicos.org\/genealogiadelaviolencia\/wp-json\/wp\/v2\/posts\/328","targetHints":{"allow":["GET"]}}],"collection":[{"href":"https:\/\/estudiosgenealogicos.org\/genealogiadelaviolencia\/wp-json\/wp\/v2\/posts"}],"about":[{"href":"https:\/\/estudiosgenealogicos.org\/genealogiadelaviolencia\/wp-json\/wp\/v2\/types\/post"}],"author":[{"embeddable":true,"href":"https:\/\/estudiosgenealogicos.org\/genealogiadelaviolencia\/wp-json\/wp\/v2\/users\/6"}],"replies":[{"embeddable":true,"href":"https:\/\/estudiosgenealogicos.org\/genealogiadelaviolencia\/wp-json\/wp\/v2\/comments?post=328"}],"version-history":[{"count":4,"href":"https:\/\/estudiosgenealogicos.org\/genealogiadelaviolencia\/wp-json\/wp\/v2\/posts\/328\/revisions"}],"predecessor-version":[{"id":394,"href":"https:\/\/estudiosgenealogicos.org\/genealogiadelaviolencia\/wp-json\/wp\/v2\/posts\/328\/revisions\/394"}],"wp:attachment":[{"href":"https:\/\/estudiosgenealogicos.org\/genealogiadelaviolencia\/wp-json\/wp\/v2\/media?parent=328"}],"wp:term":[{"taxonomy":"category","embeddable":true,"href":"https:\/\/estudiosgenealogicos.org\/genealogiadelaviolencia\/wp-json\/wp\/v2\/categories?post=328"},{"taxonomy":"post_tag","embeddable":true,"href":"https:\/\/estudiosgenealogicos.org\/genealogiadelaviolencia\/wp-json\/wp\/v2\/tags?post=328"}],"curies":[{"name":"wp","href":"https:\/\/api.w.org\/{rel}","templated":true}]}}