{"id":33,"date":"2014-09-15T05:48:32","date_gmt":"2014-09-15T05:48:32","guid":{"rendered":"http:\/\/estudiosgenealogicos.org\/genealogiadelaviolencia\/?p=33"},"modified":"2018-09-30T06:52:06","modified_gmt":"2018-09-30T06:52:06","slug":"33","status":"publish","type":"post","link":"https:\/\/estudiosgenealogicos.org\/genealogiadelaviolencia\/2014\/09\/15\/33\/","title":{"rendered":"Estigmatizaci\u00f3n y exterminio"},"content":{"rendered":"<p style=\"text-align: justify\"><strong>LIBRO<\/strong><a href=\"http:\/\/estudiosgenealogicos.org\/genealogiadelaviolencia\/files\/2014\/09\/Portada-Libro-copia.jpg\"><img loading=\"lazy\" decoding=\"async\" class=\" wp-image-34 alignright\" src=\"http:\/\/estudiosgenealogicos.org\/genealogiadelaviolencia\/files\/2014\/09\/Portada-Libro-copia-247x300.jpg\" alt=\"Portada Libro-Lomo\" width=\"253\" height=\"305\" \/><\/a><\/p>\n<p style=\"text-align: justify\"><strong>Autor:<\/strong> Rafael \u00c1ngel G\u00f3mez Chore\u00f1o<\/p>\n<p style=\"text-align: justify\"><strong>T\u00edtulo:<\/strong><em>\u00a0Estigmatizaci\u00f3n y exterminio. Apuntes para una genealog\u00eda de la violencia<\/em><\/p>\n<p style=\"text-align: justify\"><strong>Editores: <\/strong>Bily L\u00f3pez Gonz\u00e1lez y C\u00e9sar Manuel L\u00f3pez P\u00e9rez<\/p>\n<p style=\"text-align: justify\"><strong>Ciudad de edici\u00f3n:<\/strong> M\u00e9xico<\/p>\n<p style=\"text-align: justify\"><strong>Editorial:<\/strong> Centro de Estudios Geneal\u00f3gicos<\/p>\n<p style=\"text-align: justify\"><strong>A\u00f1o de publicaci\u00f3n:<\/strong> 2011<\/p>\n<p><strong>Colecci\u00f3n:<\/strong> Serie Uno<\/p>\n<p style=\"text-align: justify\"><strong>ISBN:<\/strong> 978-607-8218-00-4<\/p>\n","protected":false},"excerpt":{"rendered":"<p>LIBRO Autor: Rafael \u00c1ngel G\u00f3mez Chore\u00f1o T\u00edtulo:\u00a0Estigmatizaci\u00f3n y exterminio. Apuntes para una genealog\u00eda de la violencia Editores: Bily L\u00f3pez Gonz\u00e1lez y C\u00e9sar Manuel L\u00f3pez P\u00e9rez Ciudad de edici\u00f3n: M\u00e9xico Editorial: Centro de Estudios Geneal\u00f3gicos A\u00f1o de publicaci\u00f3n: 2011 Colecci\u00f3n: Serie Uno ISBN: 978-607-8218-00-4<\/p>\n","protected":false},"author":6,"featured_media":0,"comment_status":"open","ping_status":"open","sticky":false,"template":"","format":"standard","meta":{"_bbp_topic_count":0,"_bbp_reply_count":0,"_bbp_total_topic_count":0,"_bbp_total_reply_count":0,"_bbp_voice_count":0,"_bbp_anonymous_reply_count":0,"_bbp_topic_count_hidden":0,"_bbp_reply_count_hidden":0,"_bbp_forum_subforum_count":0,"footnotes":""},"categories":[2,10,13],"tags":[],"class_list":["post-33","post","type-post","status-publish","format-standard","hentry","category-genealogia-de-la-violencia","category-publicaciones-cege","category-serie-uno"],"_links":{"self":[{"href":"https:\/\/estudiosgenealogicos.org\/genealogiadelaviolencia\/wp-json\/wp\/v2\/posts\/33","targetHints":{"allow":["GET"]}}],"collection":[{"href":"https:\/\/estudiosgenealogicos.org\/genealogiadelaviolencia\/wp-json\/wp\/v2\/posts"}],"about":[{"href":"https:\/\/estudiosgenealogicos.org\/genealogiadelaviolencia\/wp-json\/wp\/v2\/types\/post"}],"author":[{"embeddable":true,"href":"https:\/\/estudiosgenealogicos.org\/genealogiadelaviolencia\/wp-json\/wp\/v2\/users\/6"}],"replies":[{"embeddable":true,"href":"https:\/\/estudiosgenealogicos.org\/genealogiadelaviolencia\/wp-json\/wp\/v2\/comments?post=33"}],"version-history":[{"count":8,"href":"https:\/\/estudiosgenealogicos.org\/genealogiadelaviolencia\/wp-json\/wp\/v2\/posts\/33\/revisions"}],"predecessor-version":[{"id":479,"href":"https:\/\/estudiosgenealogicos.org\/genealogiadelaviolencia\/wp-json\/wp\/v2\/posts\/33\/revisions\/479"}],"wp:attachment":[{"href":"https:\/\/estudiosgenealogicos.org\/genealogiadelaviolencia\/wp-json\/wp\/v2\/media?parent=33"}],"wp:term":[{"taxonomy":"category","embeddable":true,"href":"https:\/\/estudiosgenealogicos.org\/genealogiadelaviolencia\/wp-json\/wp\/v2\/categories?post=33"},{"taxonomy":"post_tag","embeddable":true,"href":"https:\/\/estudiosgenealogicos.org\/genealogiadelaviolencia\/wp-json\/wp\/v2\/tags?post=33"}],"curies":[{"name":"wp","href":"https:\/\/api.w.org\/{rel}","templated":true}]}}