{"id":351,"date":"2017-11-29T23:31:21","date_gmt":"2017-11-29T23:31:21","guid":{"rendered":"http:\/\/estudiosgenealogicos.org\/genealogiadelaviolencia\/?p=351"},"modified":"2018-09-30T02:34:11","modified_gmt":"2018-09-30T02:34:11","slug":"351","status":"publish","type":"post","link":"https:\/\/estudiosgenealogicos.org\/genealogiadelaviolencia\/2017\/11\/29\/351\/","title":{"rendered":"Segundo Coloquio de Investigadores sobre Biopol\u00edtica y Necropol\u00edtica"},"content":{"rendered":"<p>&nbsp;<\/p>\n<p><img loading=\"lazy\" decoding=\"async\" class=\"aligncenter wp-image-352\" src=\"http:\/\/estudiosgenealogicos.org\/genealogiadelaviolencia\/files\/2018\/09\/23472488_1877692572559636_5339673646893115741_n.jpg\" alt=\"\" width=\"429\" height=\"659\" \/><\/p>\n<p style=\"text-align: justify\">Los miembros del Grupo de Investigaci\u00f3n Transversal sobre Biopol\u00edtica y Necropol\u00edtica, a trav\u00e9s del Colegio de Ciencias y Humanidades, el Colegio de Filosof\u00eda de la Facultad de Filosof\u00eda y Letras de la UNAM y el Proyecto Universidad, Sociedad y Acci\u00f3n Comunitaria de la FES-Iztacala de la UNAM, organizaron el Segundo Coloquio de Investigadores sobre Biopol\u00edtica y Necropol\u00edtica \u00abNarrativas y vocabularios bio\/necropol\u00edticos\u00bb, que se llev\u00f3 a cabo en el Centro Vlady de la Universidad Aut\u00f3noma de la Ciudad de M\u00e9xico y el Edificio Adolfo S\u00e1nchez V\u00e1zquez de la Facultad de Filosof\u00eda y Letras de la UNAM, del 16 al 17 de noviembre de 2017.<\/p>\n<p>Participaron en este Coloquio:<\/p>\n<p><strong>V\u00edctor Alvarado<\/strong> (FES-Iztacala)<\/p>\n<p><strong>Mayra Nava<\/strong>\u00a0(FES-Iztacala)<\/p>\n<p><strong>Karla Montalvo de la Fuente<\/strong> (UACM)<\/p>\n<p><strong>Virginia Moratiel<\/strong> (Universidad Complutense de Madrid)<\/p>\n<p><strong>Alejandra Guillen<\/strong> (Periodista Independiente)<\/p>\n<p><strong>Tania Rodr\u00edguez Mora<\/strong> (UACM)<\/p>\n<p><strong>Alicia de los R\u00edos<\/strong> (UACH)<\/p>\n<p><strong>Mariana Mora<\/strong> (CIESAS-UNAM)<\/p>\n<p><strong>Ana Mar\u00eda Mart\u00ednez de la Escalera<\/strong> (FFyL-UNAM)<\/p>\n<p><strong>Erika Lindig<\/strong> (FFyL-UNAM)<\/p>\n<p><strong>Greta Rivara Kamaj<\/strong>i (FFyL-UNAM)<\/p>\n<p><strong>Helena Ch\u00e1vez MacGregor<\/strong> (IIE-UNAM)<\/p>\n<p><strong>Marta Cabrera<\/strong> (Universidad Javeriana)<\/p>\n<p><strong>Teatro Ojo<\/strong> (Colectivo)<\/p>\n<p><strong>Bily L\u00f3pez Gonz\u00e1lez<\/strong> (UNAM-UACM-CEGE)<\/p>\n<p><strong>Alejandra Rivera Quintero<\/strong> (UACM-CEGE)<\/p>\n<p>&nbsp;<\/p>\n","protected":false},"excerpt":{"rendered":"<p>&nbsp; Los miembros del Grupo de Investigaci\u00f3n Transversal sobre Biopol\u00edtica y Necropol\u00edtica, a trav\u00e9s del Colegio de Ciencias y Humanidades, el Colegio de Filosof\u00eda de la Facultad de Filosof\u00eda y Letras de la UNAM y el Proyecto Universidad, Sociedad y Acci\u00f3n Comunitaria de la FES-Iztacala de la UNAM, organizaron el Segundo Coloquio de Investigadores sobre &hellip; <a href=\"https:\/\/estudiosgenealogicos.org\/genealogiadelaviolencia\/2017\/11\/29\/351\/\" class=\"more-link\">Sigue leyendo <span class=\"screen-reader-text\">Segundo Coloquio de Investigadores sobre Biopol\u00edtica y Necropol\u00edtica<\/span><\/a><\/p>\n","protected":false},"author":6,"featured_media":0,"comment_status":"open","ping_status":"open","sticky":false,"template":"","format":"standard","meta":{"_bbp_topic_count":0,"_bbp_reply_count":0,"_bbp_total_topic_count":0,"_bbp_total_reply_count":0,"_bbp_voice_count":0,"_bbp_anonymous_reply_count":0,"_bbp_topic_count_hidden":0,"_bbp_reply_count_hidden":0,"_bbp_forum_subforum_count":0,"footnotes":""},"categories":[6,16],"tags":[],"class_list":["post-351","post","type-post","status-publish","format-standard","hentry","category-actividades-academicas-externas","category-grupo-de-investigacion-transversal-sobre-biopolitica-y-necropolitica-uacm"],"_links":{"self":[{"href":"https:\/\/estudiosgenealogicos.org\/genealogiadelaviolencia\/wp-json\/wp\/v2\/posts\/351","targetHints":{"allow":["GET"]}}],"collection":[{"href":"https:\/\/estudiosgenealogicos.org\/genealogiadelaviolencia\/wp-json\/wp\/v2\/posts"}],"about":[{"href":"https:\/\/estudiosgenealogicos.org\/genealogiadelaviolencia\/wp-json\/wp\/v2\/types\/post"}],"author":[{"embeddable":true,"href":"https:\/\/estudiosgenealogicos.org\/genealogiadelaviolencia\/wp-json\/wp\/v2\/users\/6"}],"replies":[{"embeddable":true,"href":"https:\/\/estudiosgenealogicos.org\/genealogiadelaviolencia\/wp-json\/wp\/v2\/comments?post=351"}],"version-history":[{"count":7,"href":"https:\/\/estudiosgenealogicos.org\/genealogiadelaviolencia\/wp-json\/wp\/v2\/posts\/351\/revisions"}],"predecessor-version":[{"id":406,"href":"https:\/\/estudiosgenealogicos.org\/genealogiadelaviolencia\/wp-json\/wp\/v2\/posts\/351\/revisions\/406"}],"wp:attachment":[{"href":"https:\/\/estudiosgenealogicos.org\/genealogiadelaviolencia\/wp-json\/wp\/v2\/media?parent=351"}],"wp:term":[{"taxonomy":"category","embeddable":true,"href":"https:\/\/estudiosgenealogicos.org\/genealogiadelaviolencia\/wp-json\/wp\/v2\/categories?post=351"},{"taxonomy":"post_tag","embeddable":true,"href":"https:\/\/estudiosgenealogicos.org\/genealogiadelaviolencia\/wp-json\/wp\/v2\/tags?post=351"}],"curies":[{"name":"wp","href":"https:\/\/api.w.org\/{rel}","templated":true}]}}