{"id":357,"date":"2016-09-29T23:57:09","date_gmt":"2016-09-29T23:57:09","guid":{"rendered":"http:\/\/estudiosgenealogicos.org\/genealogiadelaviolencia\/?p=357"},"modified":"2018-09-30T02:15:44","modified_gmt":"2018-09-30T02:15:44","slug":"jornada-capitalismo-muerte-y-violencia","status":"publish","type":"post","link":"https:\/\/estudiosgenealogicos.org\/genealogiadelaviolencia\/2016\/09\/29\/jornada-capitalismo-muerte-y-violencia\/","title":{"rendered":"Jornada \u00abCapitalismo: muerte y violencia\u00bb"},"content":{"rendered":"<p>&nbsp;<\/p>\n<p><img loading=\"lazy\" decoding=\"async\" class=\"aligncenter wp-image-359\" src=\"http:\/\/estudiosgenealogicos.org\/genealogiadelaviolencia\/files\/2018\/09\/15042253_1688154804846748_1105521299384191340_o-663x1024.jpg\" alt=\"\" width=\"431\" height=\"661\" \/><\/p>\n<p style=\"text-align: justify\">Los miembros del Grupo de Investigaci\u00f3n Transversal sobre Biopol\u00edtica y Necropol\u00edtica, a trav\u00e9s del Colegio de Ciencias y Humanidades de la Universidad Aut\u00f3noma de la Ciudad de M\u00e9xico, organizaron la Jornada \u00abCapitalismo: muerte y violencia\u00bb, que se llev\u00f3 a cabo en el Plantel San Lorenzo Tezonco de la UACM, el 24 de noviembre de 2016.<\/p>\n<p>Participaron:<\/p>\n<p><strong>Sayak Valencia Triana<\/strong> (Tijuana)<\/p>\n<p><strong>Omar MG<\/strong> (Artista)<\/p>\n<p><strong>Bily L\u00f3pez Gonz\u00e1lez<\/strong> (UNAM-UACM-CEGE)<\/p>\n<p><strong>Alejandra Rivera Quintero<\/strong> (UACM-CEGE)<\/p>\n","protected":false},"excerpt":{"rendered":"<p>&nbsp; Los miembros del Grupo de Investigaci\u00f3n Transversal sobre Biopol\u00edtica y Necropol\u00edtica, a trav\u00e9s del Colegio de Ciencias y Humanidades de la Universidad Aut\u00f3noma de la Ciudad de M\u00e9xico, organizaron la Jornada \u00abCapitalismo: muerte y violencia\u00bb, que se llev\u00f3 a cabo en el Plantel San Lorenzo Tezonco de la UACM, el 24 de noviembre de &hellip; <a href=\"https:\/\/estudiosgenealogicos.org\/genealogiadelaviolencia\/2016\/09\/29\/jornada-capitalismo-muerte-y-violencia\/\" class=\"more-link\">Sigue leyendo <span class=\"screen-reader-text\">Jornada \u00abCapitalismo: muerte y violencia\u00bb<\/span><\/a><\/p>\n","protected":false},"author":6,"featured_media":0,"comment_status":"open","ping_status":"open","sticky":false,"template":"","format":"standard","meta":{"_bbp_topic_count":0,"_bbp_reply_count":0,"_bbp_total_topic_count":0,"_bbp_total_reply_count":0,"_bbp_voice_count":0,"_bbp_anonymous_reply_count":0,"_bbp_topic_count_hidden":0,"_bbp_reply_count_hidden":0,"_bbp_forum_subforum_count":0,"footnotes":""},"categories":[6,16],"tags":[],"class_list":["post-357","post","type-post","status-publish","format-standard","hentry","category-actividades-academicas-externas","category-grupo-de-investigacion-transversal-sobre-biopolitica-y-necropolitica-uacm"],"_links":{"self":[{"href":"https:\/\/estudiosgenealogicos.org\/genealogiadelaviolencia\/wp-json\/wp\/v2\/posts\/357","targetHints":{"allow":["GET"]}}],"collection":[{"href":"https:\/\/estudiosgenealogicos.org\/genealogiadelaviolencia\/wp-json\/wp\/v2\/posts"}],"about":[{"href":"https:\/\/estudiosgenealogicos.org\/genealogiadelaviolencia\/wp-json\/wp\/v2\/types\/post"}],"author":[{"embeddable":true,"href":"https:\/\/estudiosgenealogicos.org\/genealogiadelaviolencia\/wp-json\/wp\/v2\/users\/6"}],"replies":[{"embeddable":true,"href":"https:\/\/estudiosgenealogicos.org\/genealogiadelaviolencia\/wp-json\/wp\/v2\/comments?post=357"}],"version-history":[{"count":3,"href":"https:\/\/estudiosgenealogicos.org\/genealogiadelaviolencia\/wp-json\/wp\/v2\/posts\/357\/revisions"}],"predecessor-version":[{"id":404,"href":"https:\/\/estudiosgenealogicos.org\/genealogiadelaviolencia\/wp-json\/wp\/v2\/posts\/357\/revisions\/404"}],"wp:attachment":[{"href":"https:\/\/estudiosgenealogicos.org\/genealogiadelaviolencia\/wp-json\/wp\/v2\/media?parent=357"}],"wp:term":[{"taxonomy":"category","embeddable":true,"href":"https:\/\/estudiosgenealogicos.org\/genealogiadelaviolencia\/wp-json\/wp\/v2\/categories?post=357"},{"taxonomy":"post_tag","embeddable":true,"href":"https:\/\/estudiosgenealogicos.org\/genealogiadelaviolencia\/wp-json\/wp\/v2\/tags?post=357"}],"curies":[{"name":"wp","href":"https:\/\/api.w.org\/{rel}","templated":true}]}}