{"id":365,"date":"2016-07-30T00:42:18","date_gmt":"2016-07-30T00:42:18","guid":{"rendered":"http:\/\/estudiosgenealogicos.org\/genealogiadelaviolencia\/?p=365"},"modified":"2018-09-30T00:43:10","modified_gmt":"2018-09-30T00:43:10","slug":"365","status":"publish","type":"post","link":"https:\/\/estudiosgenealogicos.org\/genealogiadelaviolencia\/2016\/07\/30\/365\/","title":{"rendered":"Primer Coloquio de Investigadores sobre Biopol\u00edtica y Necropol\u00edtica"},"content":{"rendered":"<p><img loading=\"lazy\" decoding=\"async\" class=\"aligncenter wp-image-366\" src=\"http:\/\/estudiosgenealogicos.org\/genealogiadelaviolencia\/files\/2018\/09\/14047165_1636335033362059_2365252424151876252_o-791x1024.jpg\" alt=\"\" width=\"414\" height=\"534\" \/><\/p>\n<p style=\"text-align: justify\">Los miembros del Grupo de Investigaci\u00f3n Transversal sobre Biopol\u00edtica y Necropol\u00edtica, con el apoyo del Colegio de Ciencias y Humanidades de la Universidad de la Ciudad de M\u00e9xico y el Colegio de Filosof\u00eda de la Facultad de Filosof\u00eda y Letras de la UNAM, organizaron el Primer Coloquio de Investigadores sobre Biopol\u00edtica y Necropol\u00edtica, que se llev\u00f3 a cabo en el Centro Vlady de la Universidad Aut\u00f3noma de la Ciudad de M\u00e9xico y el Edificio Adolfo S\u00e1nchez V\u00e1zquez de la Facultad de Filosof\u00eda y Letras de la UNAM, del 25 al 26 de agosto de 2016.<\/p>\n<p>Participaron:<\/p>\n<p>Jos\u00e9 Luis Barrios (Universidad Iberoamericana)<\/p>\n<p>Gonzalo Ch\u00e1vez (UACM-CEGE)<\/p>\n<p>Pamela Castro (UACM-CEGE)<\/p>\n<p>Fernando Sol\u00eds (UACM)<\/p>\n<p>Rodrigo de \u00c1vila (UNAM)<\/p>\n<p>Benjamin Valdez (UNAM)<\/p>\n<p>Juan Carlos Ayala Barr\u00f3n (UAS)<\/p>\n<p>V\u00edctor Alvarado (FES-Iztacala)<\/p>\n<p>Mayra Nava\u00a0(FES-Iztacala)<\/p>\n<p>Jorge Ignacio Moreno (UNAM)<\/p>\n<p>Araceli Barbosa (UAMOR)<\/p>\n<p>Fidel Garc\u00eda (UNAM)<\/p>\n<p>Bernardo Bola\u00f1os (UAM-C)<\/p>\n<p>Greta Rivara Kamaji (FFyL-UNAM)<\/p>\n<p>Uriel Bautista (UACM-CEGE)<\/p>\n<p>Yolanda Angulo Parra (CEGE)<\/p>\n<p>Luis Gerena Carrillo (UAMOR)<\/p>\n<p>Juan Crist\u00f3bal Cruz (UAMOR)<\/p>\n<p>Teresa Mackelligan (UACM)<\/p>\n<p>Rafael \u00c1ngel G\u00f3mez Chore\u00f1o (UNAM-CEGE)<\/p>\n<p>Bily L\u00f3pez Gonz\u00e1lez (UNAM-UACM-CEGE)<\/p>\n<p>Alejandra Rivera Quintero (UACM-CEGE)<\/p>\n","protected":false},"excerpt":{"rendered":"<p>Los miembros del Grupo de Investigaci\u00f3n Transversal sobre Biopol\u00edtica y Necropol\u00edtica, con el apoyo del Colegio de Ciencias y Humanidades de la Universidad de la Ciudad de M\u00e9xico y el Colegio de Filosof\u00eda de la Facultad de Filosof\u00eda y Letras de la UNAM, organizaron el Primer Coloquio de Investigadores sobre Biopol\u00edtica y Necropol\u00edtica, que se &hellip; <a href=\"https:\/\/estudiosgenealogicos.org\/genealogiadelaviolencia\/2016\/07\/30\/365\/\" class=\"more-link\">Sigue leyendo <span class=\"screen-reader-text\">Primer Coloquio de Investigadores sobre Biopol\u00edtica y Necropol\u00edtica<\/span><\/a><\/p>\n","protected":false},"author":6,"featured_media":0,"comment_status":"open","ping_status":"open","sticky":false,"template":"","format":"standard","meta":{"_bbp_topic_count":0,"_bbp_reply_count":0,"_bbp_total_topic_count":0,"_bbp_total_reply_count":0,"_bbp_voice_count":0,"_bbp_anonymous_reply_count":0,"_bbp_topic_count_hidden":0,"_bbp_reply_count_hidden":0,"_bbp_forum_subforum_count":0,"footnotes":""},"categories":[6,16],"tags":[],"class_list":["post-365","post","type-post","status-publish","format-standard","hentry","category-actividades-academicas-externas","category-grupo-de-investigacion-transversal-sobre-biopolitica-y-necropolitica-uacm"],"_links":{"self":[{"href":"https:\/\/estudiosgenealogicos.org\/genealogiadelaviolencia\/wp-json\/wp\/v2\/posts\/365","targetHints":{"allow":["GET"]}}],"collection":[{"href":"https:\/\/estudiosgenealogicos.org\/genealogiadelaviolencia\/wp-json\/wp\/v2\/posts"}],"about":[{"href":"https:\/\/estudiosgenealogicos.org\/genealogiadelaviolencia\/wp-json\/wp\/v2\/types\/post"}],"author":[{"embeddable":true,"href":"https:\/\/estudiosgenealogicos.org\/genealogiadelaviolencia\/wp-json\/wp\/v2\/users\/6"}],"replies":[{"embeddable":true,"href":"https:\/\/estudiosgenealogicos.org\/genealogiadelaviolencia\/wp-json\/wp\/v2\/comments?post=365"}],"version-history":[{"count":2,"href":"https:\/\/estudiosgenealogicos.org\/genealogiadelaviolencia\/wp-json\/wp\/v2\/posts\/365\/revisions"}],"predecessor-version":[{"id":368,"href":"https:\/\/estudiosgenealogicos.org\/genealogiadelaviolencia\/wp-json\/wp\/v2\/posts\/365\/revisions\/368"}],"wp:attachment":[{"href":"https:\/\/estudiosgenealogicos.org\/genealogiadelaviolencia\/wp-json\/wp\/v2\/media?parent=365"}],"wp:term":[{"taxonomy":"category","embeddable":true,"href":"https:\/\/estudiosgenealogicos.org\/genealogiadelaviolencia\/wp-json\/wp\/v2\/categories?post=365"},{"taxonomy":"post_tag","embeddable":true,"href":"https:\/\/estudiosgenealogicos.org\/genealogiadelaviolencia\/wp-json\/wp\/v2\/tags?post=365"}],"curies":[{"name":"wp","href":"https:\/\/api.w.org\/{rel}","templated":true}]}}