{"id":413,"date":"2017-11-30T02:55:44","date_gmt":"2017-11-30T02:55:44","guid":{"rendered":"http:\/\/estudiosgenealogicos.org\/genealogiadelaviolencia\/?p=413"},"modified":"2018-09-30T02:57:24","modified_gmt":"2018-09-30T02:57:24","slug":"413","status":"publish","type":"post","link":"https:\/\/estudiosgenealogicos.org\/genealogiadelaviolencia\/2017\/11\/30\/413\/","title":{"rendered":"La universidad como forma de violencia (y de resistencia)"},"content":{"rendered":"<p><strong><img loading=\"lazy\" decoding=\"async\" class=\" wp-image-267 alignleft\" src=\"http:\/\/estudiosgenealogicos.org\/genealogiadelaviolencia\/files\/2018\/09\/PORTADA-Reflexiones-en-torno-a-la-violencia.jpeg\" alt=\"\" width=\"255\" height=\"359\" \/><\/strong><\/p>\n<p><strong>ART\u00cdCULO EN LIBRO<\/strong><\/p>\n<p>L\u00d3PEZ GONZ\u00c1LEZ, Bily:\u00a0<strong>\u201cLa universidad como forma de violencia (y resistencia)\u201d<\/strong>,\u00a0en Juan Carlos Ayala Barr\u00f3n (coord.), <i>Reflexiones en torno a la violencia en M\u00e9xico: acercamientos filos\u00f3ficos y sociales<\/i>. Sinaloa, Universidad Aut\u00f3noma de Sinaloa (Filosof\u00eda), 2016, pp. 205-213.<\/p>\n<p>[ISBN 978-607-737-153-3]<\/p>\n","protected":false},"excerpt":{"rendered":"<p>ART\u00cdCULO EN LIBRO L\u00d3PEZ GONZ\u00c1LEZ, Bily:\u00a0\u201cLa universidad como forma de violencia (y resistencia)\u201d,\u00a0en Juan Carlos Ayala Barr\u00f3n (coord.), Reflexiones en torno a la violencia en M\u00e9xico: acercamientos filos\u00f3ficos y sociales. Sinaloa, Universidad Aut\u00f3noma de Sinaloa (Filosof\u00eda), 2016, pp. 205-213. [ISBN 978-607-737-153-3]<\/p>\n","protected":false},"author":6,"featured_media":0,"comment_status":"open","ping_status":"open","sticky":false,"template":"","format":"standard","meta":{"_bbp_topic_count":0,"_bbp_reply_count":0,"_bbp_total_topic_count":0,"_bbp_total_reply_count":0,"_bbp_voice_count":0,"_bbp_anonymous_reply_count":0,"_bbp_topic_count_hidden":0,"_bbp_reply_count_hidden":0,"_bbp_forum_subforum_count":0,"footnotes":""},"categories":[17,4,9],"tags":[],"class_list":["post-413","post","type-post","status-publish","format-standard","hentry","category-para-la-biblioteca","category-publicaciones","category-violencia-y-espectaculo"],"_links":{"self":[{"href":"https:\/\/estudiosgenealogicos.org\/genealogiadelaviolencia\/wp-json\/wp\/v2\/posts\/413","targetHints":{"allow":["GET"]}}],"collection":[{"href":"https:\/\/estudiosgenealogicos.org\/genealogiadelaviolencia\/wp-json\/wp\/v2\/posts"}],"about":[{"href":"https:\/\/estudiosgenealogicos.org\/genealogiadelaviolencia\/wp-json\/wp\/v2\/types\/post"}],"author":[{"embeddable":true,"href":"https:\/\/estudiosgenealogicos.org\/genealogiadelaviolencia\/wp-json\/wp\/v2\/users\/6"}],"replies":[{"embeddable":true,"href":"https:\/\/estudiosgenealogicos.org\/genealogiadelaviolencia\/wp-json\/wp\/v2\/comments?post=413"}],"version-history":[{"count":2,"href":"https:\/\/estudiosgenealogicos.org\/genealogiadelaviolencia\/wp-json\/wp\/v2\/posts\/413\/revisions"}],"predecessor-version":[{"id":415,"href":"https:\/\/estudiosgenealogicos.org\/genealogiadelaviolencia\/wp-json\/wp\/v2\/posts\/413\/revisions\/415"}],"wp:attachment":[{"href":"https:\/\/estudiosgenealogicos.org\/genealogiadelaviolencia\/wp-json\/wp\/v2\/media?parent=413"}],"wp:term":[{"taxonomy":"category","embeddable":true,"href":"https:\/\/estudiosgenealogicos.org\/genealogiadelaviolencia\/wp-json\/wp\/v2\/categories?post=413"},{"taxonomy":"post_tag","embeddable":true,"href":"https:\/\/estudiosgenealogicos.org\/genealogiadelaviolencia\/wp-json\/wp\/v2\/tags?post=413"}],"curies":[{"name":"wp","href":"https:\/\/api.w.org\/{rel}","templated":true}]}}