{"id":449,"date":"2017-05-14T05:38:44","date_gmt":"2017-05-14T05:38:44","guid":{"rendered":"http:\/\/estudiosgenealogicos.org\/genealogiadelaviolencia\/?p=449"},"modified":"2018-09-30T07:29:27","modified_gmt":"2018-09-30T07:29:27","slug":"el-inmenso-espacio-virtual-de-la-violencia","status":"publish","type":"post","link":"https:\/\/estudiosgenealogicos.org\/genealogiadelaviolencia\/2017\/05\/14\/el-inmenso-espacio-virtual-de-la-violencia\/","title":{"rendered":"El inmenso espacio virtual de la violencia"},"content":{"rendered":"<p><strong><img loading=\"lazy\" decoding=\"async\" class=\" wp-image-318 alignleft\" src=\"http:\/\/estudiosgenealogicos.org\/genealogiadelaviolencia\/files\/2018\/09\/PORTADA-Estudios-para-la-no-violencia-2.jpeg\" alt=\"\" width=\"260\" height=\"400\" \/>ART\u00cdCULO EN LIBRO<\/strong><\/p>\n<p>CONSTANTE, Alberto:\u00a0<strong>\u201cEl inmenso espacio virtual de la violencia. Las redes sociales\u201d<\/strong>,\u00a0en Arturo Aguirre, Anel Nochebuena y Mar\u00eda del Carmen Garc\u00eda Aguilar (comps.), <i>Estudios para la no-violencia 2. Pensar las\u00a0especialidades, el da\u00f1o y el testimonio<\/i>. M\u00e9xico, Af\u00ednita Editorial M\u00e9xico \/ 3 Norte Editorial, Instituto Municipal de Arte y Cultura de Puebla, 2016, 35-52.<\/p>\n<p>[ISBN AFINITA: 978-607-8013-40-1 \/\u00a0ISBN 3 NORTE: 978-607-8123-47-6]<\/p>\n<p><strong>Disponible en l\u00ednea en:<\/strong>&lt;<a href=\"https:\/\/www.researchgate.net\/publication\/315706322_ESTUDIOS_PARA_LA_NO-VIOLENCIA_2_PENSAR_LAS_ESPACIALIDADES_EL_DANO_Y_EL_TESTIMONIO\" target=\"_blank\" rel=\"noopener noreferrer\">https:\/\/www.researchgate.net\/publication\/315706322_ESTUDIOS_PARA_LA_NO-VIOLENCIA_2_PENSAR_LAS_ESPACIALIDADES_EL_DANO_Y_EL_TESTIMONIO<\/a>&gt;.<\/p>\n","protected":false},"excerpt":{"rendered":"<p>ART\u00cdCULO EN LIBRO CONSTANTE, Alberto:\u00a0\u201cEl inmenso espacio virtual de la violencia. Las redes sociales\u201d,\u00a0en Arturo Aguirre, Anel Nochebuena y Mar\u00eda del Carmen Garc\u00eda Aguilar (comps.), Estudios para la no-violencia 2. Pensar las\u00a0especialidades, el da\u00f1o y el testimonio. M\u00e9xico, Af\u00ednita Editorial M\u00e9xico \/ 3 Norte Editorial, Instituto Municipal de Arte y Cultura de Puebla, 2016, 35-52. &hellip; <a href=\"https:\/\/estudiosgenealogicos.org\/genealogiadelaviolencia\/2017\/05\/14\/el-inmenso-espacio-virtual-de-la-violencia\/\" class=\"more-link\">Sigue leyendo <span class=\"screen-reader-text\">El inmenso espacio virtual de la violencia<\/span><\/a><\/p>\n","protected":false},"author":6,"featured_media":0,"comment_status":"open","ping_status":"open","sticky":false,"template":"","format":"standard","meta":{"_bbp_topic_count":0,"_bbp_reply_count":0,"_bbp_total_topic_count":0,"_bbp_total_reply_count":0,"_bbp_voice_count":0,"_bbp_anonymous_reply_count":0,"_bbp_topic_count_hidden":0,"_bbp_reply_count_hidden":0,"_bbp_forum_subforum_count":0,"footnotes":""},"categories":[17],"tags":[],"class_list":["post-449","post","type-post","status-publish","format-standard","hentry","category-para-la-biblioteca"],"_links":{"self":[{"href":"https:\/\/estudiosgenealogicos.org\/genealogiadelaviolencia\/wp-json\/wp\/v2\/posts\/449","targetHints":{"allow":["GET"]}}],"collection":[{"href":"https:\/\/estudiosgenealogicos.org\/genealogiadelaviolencia\/wp-json\/wp\/v2\/posts"}],"about":[{"href":"https:\/\/estudiosgenealogicos.org\/genealogiadelaviolencia\/wp-json\/wp\/v2\/types\/post"}],"author":[{"embeddable":true,"href":"https:\/\/estudiosgenealogicos.org\/genealogiadelaviolencia\/wp-json\/wp\/v2\/users\/6"}],"replies":[{"embeddable":true,"href":"https:\/\/estudiosgenealogicos.org\/genealogiadelaviolencia\/wp-json\/wp\/v2\/comments?post=449"}],"version-history":[{"count":3,"href":"https:\/\/estudiosgenealogicos.org\/genealogiadelaviolencia\/wp-json\/wp\/v2\/posts\/449\/revisions"}],"predecessor-version":[{"id":490,"href":"https:\/\/estudiosgenealogicos.org\/genealogiadelaviolencia\/wp-json\/wp\/v2\/posts\/449\/revisions\/490"}],"wp:attachment":[{"href":"https:\/\/estudiosgenealogicos.org\/genealogiadelaviolencia\/wp-json\/wp\/v2\/media?parent=449"}],"wp:term":[{"taxonomy":"category","embeddable":true,"href":"https:\/\/estudiosgenealogicos.org\/genealogiadelaviolencia\/wp-json\/wp\/v2\/categories?post=449"},{"taxonomy":"post_tag","embeddable":true,"href":"https:\/\/estudiosgenealogicos.org\/genealogiadelaviolencia\/wp-json\/wp\/v2\/tags?post=449"}],"curies":[{"name":"wp","href":"https:\/\/api.w.org\/{rel}","templated":true}]}}