{"id":476,"date":"2015-08-16T06:40:36","date_gmt":"2015-08-16T06:40:36","guid":{"rendered":"http:\/\/estudiosgenealogicos.org\/genealogiadelaviolencia\/?p=476"},"modified":"2018-09-30T06:48:56","modified_gmt":"2018-09-30T06:48:56","slug":"estudios-para-la-no-violencia-1","status":"publish","type":"post","link":"https:\/\/estudiosgenealogicos.org\/genealogiadelaviolencia\/2015\/08\/16\/estudios-para-la-no-violencia-1\/","title":{"rendered":"Estudios para la no violencia 1"},"content":{"rendered":"<p><strong><img loading=\"lazy\" decoding=\"async\" class=\" wp-image-474 alignright\" src=\"http:\/\/estudiosgenealogicos.org\/genealogiadelaviolencia\/files\/2018\/09\/Estudios-para-la-no-violencia-1.jpeg\" alt=\"\" width=\"261\" height=\"402\" \/><\/strong><\/p>\n<p><strong>LIBRO COLECTIVO<\/strong><\/p>\n<p><strong>Autor:<\/strong> \u00a0Arturo Aguirre y Anel Nochebuena (comps.)<\/p>\n<p><strong>T\u00edtulo:<\/strong><i> Estudios para la no-violencia 1. Pensar la fragilidad humana, la condolencia y el espacio com\u00fan<\/i><\/p>\n<p><strong>Ciudad de edici\u00f3n:<\/strong> M\u00e9xico<\/p>\n<p><strong>Editorial:<\/strong> Af\u00ednita Editorial M\u00e9xico \/ 3 Norte Editorial, Instituto Municipal de Arte y Cultura de Puebla<\/p>\n<p><strong>A\u00f1o de publicaci\u00f3n:<\/strong> 2016<\/p>\n<p><strong>ISBN AFINITA:<\/strong> 978-607-8013-32-6<\/p>\n<p><strong>ISBN 3 NORTE:<\/strong> 978-607-8123-32-2<\/p>\n<p><strong>Disponible en l\u00ednea en:<\/strong>&lt;<a href=\"http:\/\/cmas.siu.buap.mx\/portal_pprd\/wb\/filosofia\/libro_estudios_para_la_noviolencia\" target=\"_blank\" rel=\"noopener noreferrer\">http:\/\/cmas.siu.buap.mx\/portal_pprd\/wb\/filosofia\/libro_estudios_para_la_noviolencia<\/a>&gt;.<\/p>\n<p><strong>Para descargar el archivo seleccione la siguiente liga:<\/strong> <a href=\"https:\/\/goo.gl\/s63DPP\" target=\"_blank\" rel=\"noopener\">https:\/\/goo.gl\/s63DPP<\/a><\/p>\n","protected":false},"excerpt":{"rendered":"<p>LIBRO COLECTIVO Autor: \u00a0Arturo Aguirre y Anel Nochebuena (comps.) T\u00edtulo: Estudios para la no-violencia 1. Pensar la fragilidad humana, la condolencia y el espacio com\u00fan Ciudad de edici\u00f3n: M\u00e9xico Editorial: Af\u00ednita Editorial M\u00e9xico \/ 3 Norte Editorial, Instituto Municipal de Arte y Cultura de Puebla A\u00f1o de publicaci\u00f3n: 2016 ISBN AFINITA: 978-607-8013-32-6 ISBN 3 NORTE: &hellip; <a href=\"https:\/\/estudiosgenealogicos.org\/genealogiadelaviolencia\/2015\/08\/16\/estudios-para-la-no-violencia-1\/\" class=\"more-link\">Sigue leyendo <span class=\"screen-reader-text\">Estudios para la no violencia 1<\/span><\/a><\/p>\n","protected":false},"author":6,"featured_media":0,"comment_status":"open","ping_status":"open","sticky":false,"template":"","format":"standard","meta":{"_bbp_topic_count":0,"_bbp_reply_count":0,"_bbp_total_topic_count":0,"_bbp_total_reply_count":0,"_bbp_voice_count":0,"_bbp_anonymous_reply_count":0,"_bbp_topic_count_hidden":0,"_bbp_reply_count_hidden":0,"_bbp_forum_subforum_count":0,"footnotes":""},"categories":[17,19],"tags":[],"class_list":["post-476","post","type-post","status-publish","format-standard","hentry","category-para-la-biblioteca","category-recursos-digitales"],"_links":{"self":[{"href":"https:\/\/estudiosgenealogicos.org\/genealogiadelaviolencia\/wp-json\/wp\/v2\/posts\/476","targetHints":{"allow":["GET"]}}],"collection":[{"href":"https:\/\/estudiosgenealogicos.org\/genealogiadelaviolencia\/wp-json\/wp\/v2\/posts"}],"about":[{"href":"https:\/\/estudiosgenealogicos.org\/genealogiadelaviolencia\/wp-json\/wp\/v2\/types\/post"}],"author":[{"embeddable":true,"href":"https:\/\/estudiosgenealogicos.org\/genealogiadelaviolencia\/wp-json\/wp\/v2\/users\/6"}],"replies":[{"embeddable":true,"href":"https:\/\/estudiosgenealogicos.org\/genealogiadelaviolencia\/wp-json\/wp\/v2\/comments?post=476"}],"version-history":[{"count":2,"href":"https:\/\/estudiosgenealogicos.org\/genealogiadelaviolencia\/wp-json\/wp\/v2\/posts\/476\/revisions"}],"predecessor-version":[{"id":478,"href":"https:\/\/estudiosgenealogicos.org\/genealogiadelaviolencia\/wp-json\/wp\/v2\/posts\/476\/revisions\/478"}],"wp:attachment":[{"href":"https:\/\/estudiosgenealogicos.org\/genealogiadelaviolencia\/wp-json\/wp\/v2\/media?parent=476"}],"wp:term":[{"taxonomy":"category","embeddable":true,"href":"https:\/\/estudiosgenealogicos.org\/genealogiadelaviolencia\/wp-json\/wp\/v2\/categories?post=476"},{"taxonomy":"post_tag","embeddable":true,"href":"https:\/\/estudiosgenealogicos.org\/genealogiadelaviolencia\/wp-json\/wp\/v2\/tags?post=476"}],"curies":[{"name":"wp","href":"https:\/\/api.w.org\/{rel}","templated":true}]}}