{"id":491,"date":"2017-06-30T07:34:35","date_gmt":"2017-06-30T07:34:35","guid":{"rendered":"http:\/\/estudiosgenealogicos.org\/genealogiadelaviolencia\/?p=491"},"modified":"2018-09-30T07:36:14","modified_gmt":"2018-09-30T07:36:14","slug":"filosofia-de-la-praxis","status":"publish","type":"post","link":"https:\/\/estudiosgenealogicos.org\/genealogiadelaviolencia\/2017\/06\/30\/filosofia-de-la-praxis\/","title":{"rendered":"Filosof\u00eda de la praxis"},"content":{"rendered":"<p><strong><img loading=\"lazy\" decoding=\"async\" class=\" wp-image-492 alignright\" src=\"http:\/\/estudiosgenealogicos.org\/genealogiadelaviolencia\/files\/2018\/09\/adolfo-s\u00e1nchez-v\u00e1zquez-filosof\u00eda-de-la-praxis-647x1024.jpg\" alt=\"\" width=\"261\" height=\"410\" \/><\/strong><\/p>\n<p><strong>Autor:<\/strong>\u00a0Adolfo S\u00e1nchez V\u00e1zquez<\/p>\n<p><strong>T\u00edtulo:<\/strong>\u00a0<em>Filosof\u00eda de la praxis<\/em><\/p>\n<p><strong>Ciudad de edici\u00f3n:<\/strong> Madrid<\/p>\n<p><strong>Editorial:<\/strong>\u00a0Siglo XXI Editores<\/p>\n<p><strong>A\u00f1o de publicaci\u00f3n:<\/strong> 2003<\/p>\n<p><strong>Colecci\u00f3n:<\/strong> Biblioteca del Pensamiento Socialista<\/p>\n<p><strong>ISBN:\u00a0<\/strong>968-23-2410-6<\/p>\n","protected":false},"excerpt":{"rendered":"<p>Autor:\u00a0Adolfo S\u00e1nchez V\u00e1zquez T\u00edtulo:\u00a0Filosof\u00eda de la praxis Ciudad de edici\u00f3n: Madrid Editorial:\u00a0Siglo XXI Editores A\u00f1o de publicaci\u00f3n: 2003 Colecci\u00f3n: Biblioteca del Pensamiento Socialista ISBN:\u00a0968-23-2410-6<\/p>\n","protected":false},"author":6,"featured_media":0,"comment_status":"open","ping_status":"open","sticky":false,"template":"","format":"standard","meta":{"_bbp_topic_count":0,"_bbp_reply_count":0,"_bbp_total_topic_count":0,"_bbp_total_reply_count":0,"_bbp_voice_count":0,"_bbp_anonymous_reply_count":0,"_bbp_topic_count_hidden":0,"_bbp_reply_count_hidden":0,"_bbp_forum_subforum_count":0,"footnotes":""},"categories":[17],"tags":[],"class_list":["post-491","post","type-post","status-publish","format-standard","hentry","category-para-la-biblioteca"],"_links":{"self":[{"href":"https:\/\/estudiosgenealogicos.org\/genealogiadelaviolencia\/wp-json\/wp\/v2\/posts\/491","targetHints":{"allow":["GET"]}}],"collection":[{"href":"https:\/\/estudiosgenealogicos.org\/genealogiadelaviolencia\/wp-json\/wp\/v2\/posts"}],"about":[{"href":"https:\/\/estudiosgenealogicos.org\/genealogiadelaviolencia\/wp-json\/wp\/v2\/types\/post"}],"author":[{"embeddable":true,"href":"https:\/\/estudiosgenealogicos.org\/genealogiadelaviolencia\/wp-json\/wp\/v2\/users\/6"}],"replies":[{"embeddable":true,"href":"https:\/\/estudiosgenealogicos.org\/genealogiadelaviolencia\/wp-json\/wp\/v2\/comments?post=491"}],"version-history":[{"count":1,"href":"https:\/\/estudiosgenealogicos.org\/genealogiadelaviolencia\/wp-json\/wp\/v2\/posts\/491\/revisions"}],"predecessor-version":[{"id":493,"href":"https:\/\/estudiosgenealogicos.org\/genealogiadelaviolencia\/wp-json\/wp\/v2\/posts\/491\/revisions\/493"}],"wp:attachment":[{"href":"https:\/\/estudiosgenealogicos.org\/genealogiadelaviolencia\/wp-json\/wp\/v2\/media?parent=491"}],"wp:term":[{"taxonomy":"category","embeddable":true,"href":"https:\/\/estudiosgenealogicos.org\/genealogiadelaviolencia\/wp-json\/wp\/v2\/categories?post=491"},{"taxonomy":"post_tag","embeddable":true,"href":"https:\/\/estudiosgenealogicos.org\/genealogiadelaviolencia\/wp-json\/wp\/v2\/tags?post=491"}],"curies":[{"name":"wp","href":"https:\/\/api.w.org\/{rel}","templated":true}]}}