{"id":505,"date":"2017-06-30T07:55:02","date_gmt":"2017-06-30T07:55:02","guid":{"rendered":"http:\/\/estudiosgenealogicos.org\/genealogiadelaviolencia\/?p=505"},"modified":"2018-09-30T08:02:08","modified_gmt":"2018-09-30T08:02:08","slug":"reflexiones-sobre-la-violencia","status":"publish","type":"post","link":"https:\/\/estudiosgenealogicos.org\/genealogiadelaviolencia\/2017\/06\/30\/reflexiones-sobre-la-violencia\/","title":{"rendered":"Reflexiones sobre la violencia"},"content":{"rendered":"<p><strong><img loading=\"lazy\" decoding=\"async\" class=\" wp-image-506 alignright\" src=\"http:\/\/estudiosgenealogicos.org\/genealogiadelaviolencia\/files\/2018\/09\/SOREL-Georges-Reflexiones-sobre-la-violencia-725x1024.jpg\" alt=\"\" width=\"316\" height=\"442\" \/><\/strong><\/p>\n<p><strong>LIBRO <\/strong><\/p>\n<p><strong>Autor: <\/strong>Georges Sorel<\/p>\n<p><strong>T\u00edtulo: <\/strong><em>Reflexiones sobre la violencia<\/em><\/p>\n<p><strong>Traducci\u00f3n: <\/strong>Luis Alberto Ruiz<\/p>\n<p><strong>Ciudad de edici\u00f3n:<\/strong>\u00a0Buenos Aires<\/p>\n<p><strong>Editorial:<\/strong>\u00a0La Pl\u00e9yade<\/p>\n<p><strong>A\u00f1o de la publicaci\u00f3n:<\/strong>\u00a01978<\/p>\n","protected":false},"excerpt":{"rendered":"<p>LIBRO Autor: Georges Sorel T\u00edtulo: Reflexiones sobre la violencia Traducci\u00f3n: Luis Alberto Ruiz Ciudad de edici\u00f3n:\u00a0Buenos Aires Editorial:\u00a0La Pl\u00e9yade A\u00f1o de la publicaci\u00f3n:\u00a01978<\/p>\n","protected":false},"author":6,"featured_media":0,"comment_status":"open","ping_status":"open","sticky":false,"template":"","format":"standard","meta":{"_bbp_topic_count":0,"_bbp_reply_count":0,"_bbp_total_topic_count":0,"_bbp_total_reply_count":0,"_bbp_voice_count":0,"_bbp_anonymous_reply_count":0,"_bbp_topic_count_hidden":0,"_bbp_reply_count_hidden":0,"_bbp_forum_subforum_count":0,"footnotes":""},"categories":[17],"tags":[],"class_list":["post-505","post","type-post","status-publish","format-standard","hentry","category-para-la-biblioteca"],"_links":{"self":[{"href":"https:\/\/estudiosgenealogicos.org\/genealogiadelaviolencia\/wp-json\/wp\/v2\/posts\/505","targetHints":{"allow":["GET"]}}],"collection":[{"href":"https:\/\/estudiosgenealogicos.org\/genealogiadelaviolencia\/wp-json\/wp\/v2\/posts"}],"about":[{"href":"https:\/\/estudiosgenealogicos.org\/genealogiadelaviolencia\/wp-json\/wp\/v2\/types\/post"}],"author":[{"embeddable":true,"href":"https:\/\/estudiosgenealogicos.org\/genealogiadelaviolencia\/wp-json\/wp\/v2\/users\/6"}],"replies":[{"embeddable":true,"href":"https:\/\/estudiosgenealogicos.org\/genealogiadelaviolencia\/wp-json\/wp\/v2\/comments?post=505"}],"version-history":[{"count":1,"href":"https:\/\/estudiosgenealogicos.org\/genealogiadelaviolencia\/wp-json\/wp\/v2\/posts\/505\/revisions"}],"predecessor-version":[{"id":507,"href":"https:\/\/estudiosgenealogicos.org\/genealogiadelaviolencia\/wp-json\/wp\/v2\/posts\/505\/revisions\/507"}],"wp:attachment":[{"href":"https:\/\/estudiosgenealogicos.org\/genealogiadelaviolencia\/wp-json\/wp\/v2\/media?parent=505"}],"wp:term":[{"taxonomy":"category","embeddable":true,"href":"https:\/\/estudiosgenealogicos.org\/genealogiadelaviolencia\/wp-json\/wp\/v2\/categories?post=505"},{"taxonomy":"post_tag","embeddable":true,"href":"https:\/\/estudiosgenealogicos.org\/genealogiadelaviolencia\/wp-json\/wp\/v2\/tags?post=505"}],"curies":[{"name":"wp","href":"https:\/\/api.w.org\/{rel}","templated":true}]}}