{"id":513,"date":"2017-03-21T08:16:33","date_gmt":"2017-03-21T08:16:33","guid":{"rendered":"http:\/\/estudiosgenealogicos.org\/genealogiadelaviolencia\/?p=513"},"modified":"2018-09-30T09:01:41","modified_gmt":"2018-09-30T09:01:41","slug":"sobre-la-violencia-seis-reflexiones-marginales","status":"publish","type":"post","link":"https:\/\/estudiosgenealogicos.org\/genealogiadelaviolencia\/2017\/03\/21\/sobre-la-violencia-seis-reflexiones-marginales\/","title":{"rendered":"Sobre la violencia. Seis reflexiones marginales"},"content":{"rendered":"<p><strong><img loading=\"lazy\" decoding=\"async\" class=\" wp-image-514 alignright\" src=\"http:\/\/estudiosgenealogicos.org\/genealogiadelaviolencia\/files\/2018\/09\/Zizek-Sobre-la-violencia.jpeg\" alt=\"\" width=\"297\" height=\"458\" \/><\/strong><\/p>\n<p><strong>LIBRO <\/strong><\/p>\n<p><strong>Autor: <\/strong>Slavoj Zizek<\/p>\n<p><strong>T\u00edtulo: <\/strong><em>Sobre la violencia. Seis reflexiones marginales<\/em><\/p>\n<p><strong>Traducci\u00f3n:<\/strong>\u00a0Antonio Jos\u00e9 Ant\u00f3n Fern\u00e1ndez<\/p>\n<p><strong>Ciudad de edici\u00f3n:<\/strong>\u00a0Barcelona<\/p>\n<p><strong>Editorial:<\/strong>\u00a0Ediciones Paid\u00f3s Ib\u00e9rica<\/p>\n<p><strong>A\u00f1o de la publicaci\u00f3n:<\/strong>\u00a02009<\/p>\n<p><strong>Colecci\u00f3n: <\/strong>Contextos \/ Ideas, 1<\/p>\n<p><strong>ISBN:<\/strong>\u00a0978-84-493 2208-2<\/p>\n","protected":false},"excerpt":{"rendered":"<p>LIBRO Autor: Slavoj Zizek T\u00edtulo: Sobre la violencia. Seis reflexiones marginales Traducci\u00f3n:\u00a0Antonio Jos\u00e9 Ant\u00f3n Fern\u00e1ndez Ciudad de edici\u00f3n:\u00a0Barcelona Editorial:\u00a0Ediciones Paid\u00f3s Ib\u00e9rica A\u00f1o de la publicaci\u00f3n:\u00a02009 Colecci\u00f3n: Contextos \/ Ideas, 1 ISBN:\u00a0978-84-493 2208-2<\/p>\n","protected":false},"author":6,"featured_media":0,"comment_status":"open","ping_status":"open","sticky":false,"template":"","format":"standard","meta":{"_bbp_topic_count":0,"_bbp_reply_count":0,"_bbp_total_topic_count":0,"_bbp_total_reply_count":0,"_bbp_voice_count":0,"_bbp_anonymous_reply_count":0,"_bbp_topic_count_hidden":0,"_bbp_reply_count_hidden":0,"_bbp_forum_subforum_count":0,"footnotes":""},"categories":[17],"tags":[],"class_list":["post-513","post","type-post","status-publish","format-standard","hentry","category-para-la-biblioteca"],"_links":{"self":[{"href":"https:\/\/estudiosgenealogicos.org\/genealogiadelaviolencia\/wp-json\/wp\/v2\/posts\/513","targetHints":{"allow":["GET"]}}],"collection":[{"href":"https:\/\/estudiosgenealogicos.org\/genealogiadelaviolencia\/wp-json\/wp\/v2\/posts"}],"about":[{"href":"https:\/\/estudiosgenealogicos.org\/genealogiadelaviolencia\/wp-json\/wp\/v2\/types\/post"}],"author":[{"embeddable":true,"href":"https:\/\/estudiosgenealogicos.org\/genealogiadelaviolencia\/wp-json\/wp\/v2\/users\/6"}],"replies":[{"embeddable":true,"href":"https:\/\/estudiosgenealogicos.org\/genealogiadelaviolencia\/wp-json\/wp\/v2\/comments?post=513"}],"version-history":[{"count":3,"href":"https:\/\/estudiosgenealogicos.org\/genealogiadelaviolencia\/wp-json\/wp\/v2\/posts\/513\/revisions"}],"predecessor-version":[{"id":523,"href":"https:\/\/estudiosgenealogicos.org\/genealogiadelaviolencia\/wp-json\/wp\/v2\/posts\/513\/revisions\/523"}],"wp:attachment":[{"href":"https:\/\/estudiosgenealogicos.org\/genealogiadelaviolencia\/wp-json\/wp\/v2\/media?parent=513"}],"wp:term":[{"taxonomy":"category","embeddable":true,"href":"https:\/\/estudiosgenealogicos.org\/genealogiadelaviolencia\/wp-json\/wp\/v2\/categories?post=513"},{"taxonomy":"post_tag","embeddable":true,"href":"https:\/\/estudiosgenealogicos.org\/genealogiadelaviolencia\/wp-json\/wp\/v2\/tags?post=513"}],"curies":[{"name":"wp","href":"https:\/\/api.w.org\/{rel}","templated":true}]}}