{"id":520,"date":"2018-01-03T08:58:17","date_gmt":"2018-01-03T08:58:17","guid":{"rendered":"http:\/\/estudiosgenealogicos.org\/genealogiadelaviolencia\/?p=520"},"modified":"2018-09-30T09:07:07","modified_gmt":"2018-09-30T09:07:07","slug":"vida-precaria","status":"publish","type":"post","link":"https:\/\/estudiosgenealogicos.org\/genealogiadelaviolencia\/2018\/01\/03\/vida-precaria\/","title":{"rendered":"Vida precaria"},"content":{"rendered":"<p><strong><img loading=\"lazy\" decoding=\"async\" class=\" wp-image-522 alignright\" src=\"http:\/\/estudiosgenealogicos.org\/genealogiadelaviolencia\/files\/2018\/09\/Judith-Butler-Vida-precaria.jpg\" alt=\"\" width=\"269\" height=\"437\" \/><\/strong><\/p>\n<p><strong>LIBRO <\/strong><\/p>\n<p><strong>Autor: <\/strong>Judith Butler<\/p>\n<p><strong>T\u00edtulo: <\/strong><em>Vida precaria. El poder del duelo y la violencia<\/em><\/p>\n<p><strong>Traducci\u00f3n:<\/strong>\u00a0Ferm\u00edn Rodr\u00edguez<\/p>\n<p><strong>Ciudad de edici\u00f3n:<\/strong>\u00a0Buenos Aires<\/p>\n<p><strong>Editorial:<\/strong>\u00a0Paid\u00f3s SAICF<\/p>\n<p><strong>A\u00f1o de la publicaci\u00f3n:<\/strong>\u00a02006<\/p>\n<p><strong>Colecci\u00f3n: <\/strong>Espacios del saber, 57<\/p>\n<p><strong>ISBN:<\/strong>\u00a0950-12-6557-9<\/p>\n","protected":false},"excerpt":{"rendered":"<p>LIBRO Autor: Judith Butler T\u00edtulo: Vida precaria. El poder del duelo y la violencia Traducci\u00f3n:\u00a0Ferm\u00edn Rodr\u00edguez Ciudad de edici\u00f3n:\u00a0Buenos Aires Editorial:\u00a0Paid\u00f3s SAICF A\u00f1o de la publicaci\u00f3n:\u00a02006 Colecci\u00f3n: Espacios del saber, 57 ISBN:\u00a0950-12-6557-9<\/p>\n","protected":false},"author":6,"featured_media":0,"comment_status":"open","ping_status":"open","sticky":false,"template":"","format":"standard","meta":{"_bbp_topic_count":0,"_bbp_reply_count":0,"_bbp_total_topic_count":0,"_bbp_total_reply_count":0,"_bbp_voice_count":0,"_bbp_anonymous_reply_count":0,"_bbp_topic_count_hidden":0,"_bbp_reply_count_hidden":0,"_bbp_forum_subforum_count":0,"footnotes":""},"categories":[17],"tags":[],"class_list":["post-520","post","type-post","status-publish","format-standard","hentry","category-para-la-biblioteca"],"_links":{"self":[{"href":"https:\/\/estudiosgenealogicos.org\/genealogiadelaviolencia\/wp-json\/wp\/v2\/posts\/520","targetHints":{"allow":["GET"]}}],"collection":[{"href":"https:\/\/estudiosgenealogicos.org\/genealogiadelaviolencia\/wp-json\/wp\/v2\/posts"}],"about":[{"href":"https:\/\/estudiosgenealogicos.org\/genealogiadelaviolencia\/wp-json\/wp\/v2\/types\/post"}],"author":[{"embeddable":true,"href":"https:\/\/estudiosgenealogicos.org\/genealogiadelaviolencia\/wp-json\/wp\/v2\/users\/6"}],"replies":[{"embeddable":true,"href":"https:\/\/estudiosgenealogicos.org\/genealogiadelaviolencia\/wp-json\/wp\/v2\/comments?post=520"}],"version-history":[{"count":2,"href":"https:\/\/estudiosgenealogicos.org\/genealogiadelaviolencia\/wp-json\/wp\/v2\/posts\/520\/revisions"}],"predecessor-version":[{"id":525,"href":"https:\/\/estudiosgenealogicos.org\/genealogiadelaviolencia\/wp-json\/wp\/v2\/posts\/520\/revisions\/525"}],"wp:attachment":[{"href":"https:\/\/estudiosgenealogicos.org\/genealogiadelaviolencia\/wp-json\/wp\/v2\/media?parent=520"}],"wp:term":[{"taxonomy":"category","embeddable":true,"href":"https:\/\/estudiosgenealogicos.org\/genealogiadelaviolencia\/wp-json\/wp\/v2\/categories?post=520"},{"taxonomy":"post_tag","embeddable":true,"href":"https:\/\/estudiosgenealogicos.org\/genealogiadelaviolencia\/wp-json\/wp\/v2\/tags?post=520"}],"curies":[{"name":"wp","href":"https:\/\/api.w.org\/{rel}","templated":true}]}}