{"id":533,"date":"2016-05-01T09:26:12","date_gmt":"2016-05-01T09:26:12","guid":{"rendered":"http:\/\/estudiosgenealogicos.org\/genealogiadelaviolencia\/?p=533"},"modified":"2018-09-30T09:36:09","modified_gmt":"2018-09-30T09:36:09","slug":"533","status":"publish","type":"post","link":"https:\/\/estudiosgenealogicos.org\/genealogiadelaviolencia\/2016\/05\/01\/533\/","title":{"rendered":"Violencia y racionalidad"},"content":{"rendered":"<p><strong><img loading=\"lazy\" decoding=\"async\" class=\" wp-image-534 alignright\" src=\"http:\/\/estudiosgenealogicos.org\/genealogiadelaviolencia\/files\/2018\/09\/Abelardo-Villegas-1.jpeg\" alt=\"\" width=\"279\" height=\"417\" \/>LIBRO <\/strong><\/p>\n<p><strong>Autor: <\/strong>Abelardo VIllegas<\/p>\n<p><strong>T\u00edtulo: <\/strong><em>Violencia y racionalidad. Ensayos de filosof\u00eda pol\u00edtica<\/em><\/p>\n<p><strong>Ciudad de edici\u00f3n:<\/strong>\u00a0M\u00e9xico<\/p>\n<p><strong>Editorial:<\/strong>\u00a0Universidad Aut\u00f3noma Metropolitana<\/p>\n<p><strong>A\u00f1o de la publicaci\u00f3n:<\/strong>\u00a01985<\/p>\n<p><strong>Colecci\u00f3n:<\/strong> Cultura Universitaria \/ Ensayo, 30<\/p>\n<p><strong>ISBN:<\/strong> 968-840-220-6<\/p>\n","protected":false},"excerpt":{"rendered":"<p>LIBRO Autor: Abelardo VIllegas T\u00edtulo: Violencia y racionalidad. Ensayos de filosof\u00eda pol\u00edtica Ciudad de edici\u00f3n:\u00a0M\u00e9xico Editorial:\u00a0Universidad Aut\u00f3noma Metropolitana A\u00f1o de la publicaci\u00f3n:\u00a01985 Colecci\u00f3n: Cultura Universitaria \/ Ensayo, 30 ISBN: 968-840-220-6<\/p>\n","protected":false},"author":6,"featured_media":0,"comment_status":"open","ping_status":"open","sticky":false,"template":"","format":"standard","meta":{"_bbp_topic_count":0,"_bbp_reply_count":0,"_bbp_total_topic_count":0,"_bbp_total_reply_count":0,"_bbp_voice_count":0,"_bbp_anonymous_reply_count":0,"_bbp_topic_count_hidden":0,"_bbp_reply_count_hidden":0,"_bbp_forum_subforum_count":0,"footnotes":""},"categories":[17],"tags":[],"class_list":["post-533","post","type-post","status-publish","format-standard","hentry","category-para-la-biblioteca"],"_links":{"self":[{"href":"https:\/\/estudiosgenealogicos.org\/genealogiadelaviolencia\/wp-json\/wp\/v2\/posts\/533","targetHints":{"allow":["GET"]}}],"collection":[{"href":"https:\/\/estudiosgenealogicos.org\/genealogiadelaviolencia\/wp-json\/wp\/v2\/posts"}],"about":[{"href":"https:\/\/estudiosgenealogicos.org\/genealogiadelaviolencia\/wp-json\/wp\/v2\/types\/post"}],"author":[{"embeddable":true,"href":"https:\/\/estudiosgenealogicos.org\/genealogiadelaviolencia\/wp-json\/wp\/v2\/users\/6"}],"replies":[{"embeddable":true,"href":"https:\/\/estudiosgenealogicos.org\/genealogiadelaviolencia\/wp-json\/wp\/v2\/comments?post=533"}],"version-history":[{"count":2,"href":"https:\/\/estudiosgenealogicos.org\/genealogiadelaviolencia\/wp-json\/wp\/v2\/posts\/533\/revisions"}],"predecessor-version":[{"id":536,"href":"https:\/\/estudiosgenealogicos.org\/genealogiadelaviolencia\/wp-json\/wp\/v2\/posts\/533\/revisions\/536"}],"wp:attachment":[{"href":"https:\/\/estudiosgenealogicos.org\/genealogiadelaviolencia\/wp-json\/wp\/v2\/media?parent=533"}],"wp:term":[{"taxonomy":"category","embeddable":true,"href":"https:\/\/estudiosgenealogicos.org\/genealogiadelaviolencia\/wp-json\/wp\/v2\/categories?post=533"},{"taxonomy":"post_tag","embeddable":true,"href":"https:\/\/estudiosgenealogicos.org\/genealogiadelaviolencia\/wp-json\/wp\/v2\/tags?post=533"}],"curies":[{"name":"wp","href":"https:\/\/api.w.org\/{rel}","templated":true}]}}