{"id":57,"date":"2014-09-15T06:50:08","date_gmt":"2014-09-15T06:50:08","guid":{"rendered":"http:\/\/estudiosgenealogicos.org\/genealogiadelaviolencia\/?p=57"},"modified":"2018-09-29T23:15:00","modified_gmt":"2018-09-29T23:15:00","slug":"simposio-filosofia-en-el-agua","status":"publish","type":"post","link":"https:\/\/estudiosgenealogicos.org\/genealogiadelaviolencia\/2014\/09\/15\/simposio-filosofia-en-el-agua\/","title":{"rendered":"Simposio \u201cFilosof\u00eda en el agua\u201d"},"content":{"rendered":"<p style=\"padding-left: 30px;text-align: justify\"><a href=\"http:\/\/estudiosgenealogicos.org\/genealogiadelaviolencia\/files\/2014\/09\/FILOSOF\u00cdA-EN-EL-AGUA.jpg\"><img loading=\"lazy\" decoding=\"async\" class=\" wp-image-58 aligncenter\" src=\"http:\/\/estudiosgenealogicos.org\/genealogiadelaviolencia\/files\/2014\/09\/FILOSOF\u00cdA-EN-EL-AGUA.jpg\" alt=\"FILOSOF\u00cdA-EN-EL-AGUA\" width=\"267\" height=\"386\" \/><\/a>Este evento fue coordinado por Bily L\u00f3pez Gonz\u00e1lez y Rafael \u00c1ngel G\u00f3mez Chore\u00f1o, y se llev\u00f3 a cabo como resultado de los trabajos del <strong>Seminario \u00abViolencia y Espect\u00e1culo\u00bb<\/strong>, en Cuautla, Morelos, del 22 al 24 de junio de 2012,\u00a0como parte de las actividades acad\u00e9micas del CEGE.<\/p>\n<p style=\"padding-left: 30px;text-align: justify\">Los investigadores y estudiantes asociados del CEGE que participaron en este simposio fueron los siguientes:<\/p>\n<ul>\n<li>Alejandra Rivera Quintero<\/li>\n<li>Bily L\u00f3pez Gonz\u00e1lez<\/li>\n<li>Osiris Sinuh\u00e9 Gonz\u00e1lez Romero<\/li>\n<li>Francisco Javier Rivas Mesa<\/li>\n<li>C\u00e9sar Manuel L\u00f3pez P\u00e9rez<\/li>\n<li>Yesica Pamela Castro<\/li>\n<li>Gema Ivette Sarmiento Guti\u00e9rrez<\/li>\n<li>Gonzalo Ch\u00e1vez<\/li>\n<li>Uriel Bautista<\/li>\n<li>Victor Alejandro Polanco Fr\u00edas<\/li>\n<li>Rafael \u00c1ngel G\u00f3mez Chore\u00f1o<\/li>\n<\/ul>\n","protected":false},"excerpt":{"rendered":"<p>Este evento fue coordinado por Bily L\u00f3pez Gonz\u00e1lez y Rafael \u00c1ngel G\u00f3mez Chore\u00f1o, y se llev\u00f3 a cabo como resultado de los trabajos del Seminario \u00abViolencia y Espect\u00e1culo\u00bb, en Cuautla, Morelos, del 22 al 24 de junio de 2012,\u00a0como parte de las actividades acad\u00e9micas del CEGE. Los investigadores y estudiantes asociados del CEGE que participaron &hellip; <a href=\"https:\/\/estudiosgenealogicos.org\/genealogiadelaviolencia\/2014\/09\/15\/simposio-filosofia-en-el-agua\/\" class=\"more-link\">Sigue leyendo <span class=\"screen-reader-text\">Simposio \u201cFilosof\u00eda en el agua\u201d<\/span><\/a><\/p>\n","protected":false},"author":6,"featured_media":0,"comment_status":"open","ping_status":"open","sticky":false,"template":"","format":"standard","meta":{"_bbp_topic_count":0,"_bbp_reply_count":0,"_bbp_total_topic_count":0,"_bbp_total_reply_count":0,"_bbp_voice_count":0,"_bbp_anonymous_reply_count":0,"_bbp_topic_count_hidden":0,"_bbp_reply_count_hidden":0,"_bbp_forum_subforum_count":0,"footnotes":""},"categories":[5,9],"tags":[],"class_list":["post-57","post","type-post","status-publish","format-standard","hentry","category-actividades-academicas-del-cege","category-violencia-y-espectaculo"],"_links":{"self":[{"href":"https:\/\/estudiosgenealogicos.org\/genealogiadelaviolencia\/wp-json\/wp\/v2\/posts\/57","targetHints":{"allow":["GET"]}}],"collection":[{"href":"https:\/\/estudiosgenealogicos.org\/genealogiadelaviolencia\/wp-json\/wp\/v2\/posts"}],"about":[{"href":"https:\/\/estudiosgenealogicos.org\/genealogiadelaviolencia\/wp-json\/wp\/v2\/types\/post"}],"author":[{"embeddable":true,"href":"https:\/\/estudiosgenealogicos.org\/genealogiadelaviolencia\/wp-json\/wp\/v2\/users\/6"}],"replies":[{"embeddable":true,"href":"https:\/\/estudiosgenealogicos.org\/genealogiadelaviolencia\/wp-json\/wp\/v2\/comments?post=57"}],"version-history":[{"count":4,"href":"https:\/\/estudiosgenealogicos.org\/genealogiadelaviolencia\/wp-json\/wp\/v2\/posts\/57\/revisions"}],"predecessor-version":[{"id":349,"href":"https:\/\/estudiosgenealogicos.org\/genealogiadelaviolencia\/wp-json\/wp\/v2\/posts\/57\/revisions\/349"}],"wp:attachment":[{"href":"https:\/\/estudiosgenealogicos.org\/genealogiadelaviolencia\/wp-json\/wp\/v2\/media?parent=57"}],"wp:term":[{"taxonomy":"category","embeddable":true,"href":"https:\/\/estudiosgenealogicos.org\/genealogiadelaviolencia\/wp-json\/wp\/v2\/categories?post=57"},{"taxonomy":"post_tag","embeddable":true,"href":"https:\/\/estudiosgenealogicos.org\/genealogiadelaviolencia\/wp-json\/wp\/v2\/tags?post=57"}],"curies":[{"name":"wp","href":"https:\/\/api.w.org\/{rel}","templated":true}]}}