{"id":584,"date":"2014-09-16T10:49:16","date_gmt":"2014-09-16T10:49:16","guid":{"rendered":"http:\/\/estudiosgenealogicos.org\/genealogiadelaviolencia\/?p=584"},"modified":"2018-10-02T11:10:04","modified_gmt":"2018-10-02T11:10:04","slug":"violencia-y-literatura-desde-la-filosofia","status":"publish","type":"post","link":"https:\/\/estudiosgenealogicos.org\/genealogiadelaviolencia\/2014\/09\/16\/violencia-y-literatura-desde-la-filosofia\/","title":{"rendered":"Violencia y literatura"},"content":{"rendered":"<p>&nbsp;<\/p>\n<div id='gallery-1' class='gallery galleryid-584 gallery-columns-2 gallery-size-full'><figure class='gallery-item'>\n\t\t\t<div class='gallery-icon portrait'>\n\t\t\t\t<a href='https:\/\/estudiosgenealogicos.org\/genealogiadelaviolencia\/2014\/09\/16\/violencia-y-literatura-desde-la-filosofia\/curso-uacm-2\/'><img loading=\"lazy\" decoding=\"async\" width=\"837\" height=\"1104\" src=\"https:\/\/estudiosgenealogicos.org\/genealogiadelaviolencia\/files\/2014\/09\/Curso-UACM-2.jpg\" class=\"attachment-full size-full\" alt=\"\" srcset=\"https:\/\/estudiosgenealogicos.org\/genealogiadelaviolencia\/files\/2014\/09\/Curso-UACM-2.jpg 837w, https:\/\/estudiosgenealogicos.org\/genealogiadelaviolencia\/files\/2014\/09\/Curso-UACM-2-227x300.jpg 227w, https:\/\/estudiosgenealogicos.org\/genealogiadelaviolencia\/files\/2014\/09\/Curso-UACM-2-768x1013.jpg 768w, https:\/\/estudiosgenealogicos.org\/genealogiadelaviolencia\/files\/2014\/09\/Curso-UACM-2-776x1024.jpg 776w\" sizes=\"auto, (max-width: 837px) 100vw, 837px\" \/><\/a>\n\t\t\t<\/div><\/figure><figure class='gallery-item'>\n\t\t\t<div class='gallery-icon portrait'>\n\t\t\t\t<a href='https:\/\/estudiosgenealogicos.org\/genealogiadelaviolencia\/2014\/09\/16\/violencia-y-literatura-desde-la-filosofia\/curso-uacm-1\/'><img loading=\"lazy\" decoding=\"async\" width=\"835\" height=\"1101\" src=\"https:\/\/estudiosgenealogicos.org\/genealogiadelaviolencia\/files\/2018\/10\/Curso-UACM-1.jpg\" class=\"attachment-full size-full\" alt=\"\" srcset=\"https:\/\/estudiosgenealogicos.org\/genealogiadelaviolencia\/files\/2018\/10\/Curso-UACM-1.jpg 835w, https:\/\/estudiosgenealogicos.org\/genealogiadelaviolencia\/files\/2018\/10\/Curso-UACM-1-228x300.jpg 228w, https:\/\/estudiosgenealogicos.org\/genealogiadelaviolencia\/files\/2018\/10\/Curso-UACM-1-768x1013.jpg 768w, https:\/\/estudiosgenealogicos.org\/genealogiadelaviolencia\/files\/2018\/10\/Curso-UACM-1-777x1024.jpg 777w\" sizes=\"auto, (max-width: 835px) 100vw, 835px\" \/><\/a>\n\t\t\t<\/div><\/figure>\n\t\t<\/div>\n\n<p style=\"text-align: justify\"><strong>Literatura y violencia. Un an\u00e1lisis de la violencia generada y ejecutada en y por la literatura<\/strong><\/p>\n<p style=\"text-align: justify\">Curso Intersemestral impartido en la Universidad Aut\u00f3noma de la Ciudad de M\u00e9xico, Plantel \u201cSan Lorenzo Tezonco\u201d,<strong>\u00a0<\/strong>coordinado por Bily L\u00f3pez Gonz\u00e1lez a trav\u00e9s de la Academia de Expresi\u00f3n Oral y Escrita del Colegio de Humanidades y Ciencias Sociales, el cual se realiz\u00f3 del 26 de febrero al 16 de marzo de 2007.<\/p>\n","protected":false},"excerpt":{"rendered":"<p>&nbsp; Literatura y violencia. Un an\u00e1lisis de la violencia generada y ejecutada en y por la literatura Curso Intersemestral impartido en la Universidad Aut\u00f3noma de la Ciudad de M\u00e9xico, Plantel \u201cSan Lorenzo Tezonco\u201d,\u00a0coordinado por Bily L\u00f3pez Gonz\u00e1lez a trav\u00e9s de la Academia de Expresi\u00f3n Oral y Escrita del Colegio de Humanidades y Ciencias Sociales, el &hellip; <a href=\"https:\/\/estudiosgenealogicos.org\/genealogiadelaviolencia\/2014\/09\/16\/violencia-y-literatura-desde-la-filosofia\/\" class=\"more-link\">Sigue leyendo <span class=\"screen-reader-text\">Violencia y literatura<\/span><\/a><\/p>\n","protected":false},"author":6,"featured_media":0,"comment_status":"open","ping_status":"open","sticky":false,"template":"","format":"gallery","meta":{"_bbp_topic_count":0,"_bbp_reply_count":0,"_bbp_total_topic_count":0,"_bbp_total_reply_count":0,"_bbp_voice_count":0,"_bbp_anonymous_reply_count":0,"_bbp_topic_count_hidden":0,"_bbp_reply_count_hidden":0,"_bbp_forum_subforum_count":0,"footnotes":""},"categories":[6,5,2],"tags":[],"class_list":["post-584","post","type-post","status-publish","format-gallery","hentry","category-actividades-academicas-externas","category-actividades-academicas-del-cege","category-genealogia-de-la-violencia","post_format-post-format-gallery"],"_links":{"self":[{"href":"https:\/\/estudiosgenealogicos.org\/genealogiadelaviolencia\/wp-json\/wp\/v2\/posts\/584","targetHints":{"allow":["GET"]}}],"collection":[{"href":"https:\/\/estudiosgenealogicos.org\/genealogiadelaviolencia\/wp-json\/wp\/v2\/posts"}],"about":[{"href":"https:\/\/estudiosgenealogicos.org\/genealogiadelaviolencia\/wp-json\/wp\/v2\/types\/post"}],"author":[{"embeddable":true,"href":"https:\/\/estudiosgenealogicos.org\/genealogiadelaviolencia\/wp-json\/wp\/v2\/users\/6"}],"replies":[{"embeddable":true,"href":"https:\/\/estudiosgenealogicos.org\/genealogiadelaviolencia\/wp-json\/wp\/v2\/comments?post=584"}],"version-history":[{"count":4,"href":"https:\/\/estudiosgenealogicos.org\/genealogiadelaviolencia\/wp-json\/wp\/v2\/posts\/584\/revisions"}],"predecessor-version":[{"id":591,"href":"https:\/\/estudiosgenealogicos.org\/genealogiadelaviolencia\/wp-json\/wp\/v2\/posts\/584\/revisions\/591"}],"wp:attachment":[{"href":"https:\/\/estudiosgenealogicos.org\/genealogiadelaviolencia\/wp-json\/wp\/v2\/media?parent=584"}],"wp:term":[{"taxonomy":"category","embeddable":true,"href":"https:\/\/estudiosgenealogicos.org\/genealogiadelaviolencia\/wp-json\/wp\/v2\/categories?post=584"},{"taxonomy":"post_tag","embeddable":true,"href":"https:\/\/estudiosgenealogicos.org\/genealogiadelaviolencia\/wp-json\/wp\/v2\/tags?post=584"}],"curies":[{"name":"wp","href":"https:\/\/api.w.org\/{rel}","templated":true}]}}