{"id":60,"date":"2014-09-15T07:00:00","date_gmt":"2014-09-15T07:00:00","guid":{"rendered":"http:\/\/estudiosgenealogicos.org\/genealogiadelaviolencia\/?p=60"},"modified":"2018-09-29T22:51:24","modified_gmt":"2018-09-29T22:51:24","slug":"simposio-violencia-y-espectaculo","status":"publish","type":"post","link":"https:\/\/estudiosgenealogicos.org\/genealogiadelaviolencia\/2014\/09\/15\/simposio-violencia-y-espectaculo\/","title":{"rendered":"Simposio Violencia y Espect\u00e1culo"},"content":{"rendered":"<p style=\"text-align: center\"><img loading=\"lazy\" decoding=\"async\" class=\" wp-image-61 aligncenter\" src=\"http:\/\/estudiosgenealogicos.org\/genealogiadelaviolencia\/files\/2014\/09\/XVI-Congreso-AFM-194x300.jpg\" alt=\"XVI Congreso AFM\" width=\"326\" height=\"494\" \/><\/p>\n<p style=\"text-align: justify\">El <strong>Simposio \u201cViolencia y espect\u00e1culo\u201d<\/strong> del XVI Congreso Internacional de Filosof\u00eda \u201cFilosof\u00eda: raz\u00f3n y violencia\u201d, organizado por la Asociaci\u00f3n Filos\u00f3fica de M\u00e9xico, en la Facultad de Humanidades de la UAEM, en la ciudad de Toluca, del 24 al 28 de octubre de 2011, fue coordinado por Bily L\u00f3pez Gonz\u00e1lez y Rafael \u00c1ngel G\u00f3mez Chore\u00f1o, como resultado de los trabajos realizados en el <strong>Seminario \u00abViolencia y espect\u00e1culo\u00bb<\/strong>.<\/p>\n<p style=\"text-align: justify\">En este evento participaron los siguientes investigadores y estudiantes asociados del CEGE:<\/p>\n","protected":false},"excerpt":{"rendered":"<p>El Simposio \u201cViolencia y espect\u00e1culo\u201d del XVI Congreso Internacional de Filosof\u00eda \u201cFilosof\u00eda: raz\u00f3n y violencia\u201d, organizado por la Asociaci\u00f3n Filos\u00f3fica de M\u00e9xico, en la Facultad de Humanidades de la UAEM, en la ciudad de Toluca, del 24 al 28 de octubre de 2011, fue coordinado por Bily L\u00f3pez Gonz\u00e1lez y Rafael \u00c1ngel G\u00f3mez Chore\u00f1o, como &hellip; <a href=\"https:\/\/estudiosgenealogicos.org\/genealogiadelaviolencia\/2014\/09\/15\/simposio-violencia-y-espectaculo\/\" class=\"more-link\">Sigue leyendo <span class=\"screen-reader-text\">Simposio Violencia y Espect\u00e1culo<\/span><\/a><\/p>\n","protected":false},"author":6,"featured_media":0,"comment_status":"open","ping_status":"open","sticky":false,"template":"","format":"standard","meta":{"_bbp_topic_count":0,"_bbp_reply_count":0,"_bbp_total_topic_count":0,"_bbp_total_reply_count":0,"_bbp_voice_count":0,"_bbp_anonymous_reply_count":0,"_bbp_topic_count_hidden":0,"_bbp_reply_count_hidden":0,"_bbp_forum_subforum_count":0,"footnotes":""},"categories":[6,9],"tags":[],"class_list":["post-60","post","type-post","status-publish","format-standard","hentry","category-actividades-academicas-externas","category-violencia-y-espectaculo"],"_links":{"self":[{"href":"https:\/\/estudiosgenealogicos.org\/genealogiadelaviolencia\/wp-json\/wp\/v2\/posts\/60","targetHints":{"allow":["GET"]}}],"collection":[{"href":"https:\/\/estudiosgenealogicos.org\/genealogiadelaviolencia\/wp-json\/wp\/v2\/posts"}],"about":[{"href":"https:\/\/estudiosgenealogicos.org\/genealogiadelaviolencia\/wp-json\/wp\/v2\/types\/post"}],"author":[{"embeddable":true,"href":"https:\/\/estudiosgenealogicos.org\/genealogiadelaviolencia\/wp-json\/wp\/v2\/users\/6"}],"replies":[{"embeddable":true,"href":"https:\/\/estudiosgenealogicos.org\/genealogiadelaviolencia\/wp-json\/wp\/v2\/comments?post=60"}],"version-history":[{"count":9,"href":"https:\/\/estudiosgenealogicos.org\/genealogiadelaviolencia\/wp-json\/wp\/v2\/posts\/60\/revisions"}],"predecessor-version":[{"id":310,"href":"https:\/\/estudiosgenealogicos.org\/genealogiadelaviolencia\/wp-json\/wp\/v2\/posts\/60\/revisions\/310"}],"wp:attachment":[{"href":"https:\/\/estudiosgenealogicos.org\/genealogiadelaviolencia\/wp-json\/wp\/v2\/media?parent=60"}],"wp:term":[{"taxonomy":"category","embeddable":true,"href":"https:\/\/estudiosgenealogicos.org\/genealogiadelaviolencia\/wp-json\/wp\/v2\/categories?post=60"},{"taxonomy":"post_tag","embeddable":true,"href":"https:\/\/estudiosgenealogicos.org\/genealogiadelaviolencia\/wp-json\/wp\/v2\/tags?post=60"}],"curies":[{"name":"wp","href":"https:\/\/api.w.org\/{rel}","templated":true}]}}