{"id":619,"date":"2014-12-14T06:10:20","date_gmt":"2014-12-14T06:10:20","guid":{"rendered":"http:\/\/estudiosgenealogicos.org\/genealogiadelaviolencia\/?p=619"},"modified":"2018-10-04T06:17:26","modified_gmt":"2018-10-04T06:17:26","slug":"tres-caras-de-la-identidad","status":"publish","type":"post","link":"https:\/\/estudiosgenealogicos.org\/genealogiadelaviolencia\/2014\/12\/14\/tres-caras-de-la-identidad\/","title":{"rendered":"Tres caras de la Identidad"},"content":{"rendered":"<p><strong><img loading=\"lazy\" decoding=\"async\" class=\" wp-image-620 alignright\" src=\"http:\/\/estudiosgenealogicos.org\/genealogiadelaviolencia\/files\/2018\/10\/Juan-Carlos-Ayala-Barr\u00f3n-2.jpeg\" alt=\"\" width=\"288\" height=\"400\" \/><\/strong><\/p>\n<p><strong>LIBRO<\/strong><\/p>\n<p><strong>Autor:<\/strong> Juan Carlos Ayala Barr\u00f3n<\/p>\n<p><strong>T\u00edtulo:\u00a0<\/strong><em><i>Tres caras de la Identidad. Criterios para una Filosof\u00eda Aplicada<\/i><\/em><\/p>\n<p><strong>Ciudad de edici\u00f3n:<\/strong>\u00a0M\u00e9xico \/ Culiac\u00e1n<\/p>\n<p><strong>Editorial:<\/strong>\u00a0Plaza y Vald\u00e9s \/ Gobierno de Sinaloa, Coordinaci\u00f3n General de Asesor\u00eda y Pol\u00edticas P\u00fablicas, Universidad Aut\u00f3noma de Sinaloa<\/p>\n<p><strong>A\u00f1o de la publicaci\u00f3n:<\/strong>\u00a02010<\/p>\n<p><strong>ISBN:<\/strong>\u00a0978-607-402-261-2<\/p>\n","protected":false},"excerpt":{"rendered":"<p>LIBRO Autor: Juan Carlos Ayala Barr\u00f3n T\u00edtulo:\u00a0Tres caras de la Identidad. Criterios para una Filosof\u00eda Aplicada Ciudad de edici\u00f3n:\u00a0M\u00e9xico \/ Culiac\u00e1n Editorial:\u00a0Plaza y Vald\u00e9s \/ Gobierno de Sinaloa, Coordinaci\u00f3n General de Asesor\u00eda y Pol\u00edticas P\u00fablicas, Universidad Aut\u00f3noma de Sinaloa A\u00f1o de la publicaci\u00f3n:\u00a02010 ISBN:\u00a0978-607-402-261-2<\/p>\n","protected":false},"author":6,"featured_media":0,"comment_status":"open","ping_status":"open","sticky":false,"template":"","format":"standard","meta":{"_bbp_topic_count":0,"_bbp_reply_count":0,"_bbp_total_topic_count":0,"_bbp_total_reply_count":0,"_bbp_voice_count":0,"_bbp_anonymous_reply_count":0,"_bbp_topic_count_hidden":0,"_bbp_reply_count_hidden":0,"_bbp_forum_subforum_count":0,"footnotes":""},"categories":[17],"tags":[],"class_list":["post-619","post","type-post","status-publish","format-standard","hentry","category-para-la-biblioteca"],"_links":{"self":[{"href":"https:\/\/estudiosgenealogicos.org\/genealogiadelaviolencia\/wp-json\/wp\/v2\/posts\/619","targetHints":{"allow":["GET"]}}],"collection":[{"href":"https:\/\/estudiosgenealogicos.org\/genealogiadelaviolencia\/wp-json\/wp\/v2\/posts"}],"about":[{"href":"https:\/\/estudiosgenealogicos.org\/genealogiadelaviolencia\/wp-json\/wp\/v2\/types\/post"}],"author":[{"embeddable":true,"href":"https:\/\/estudiosgenealogicos.org\/genealogiadelaviolencia\/wp-json\/wp\/v2\/users\/6"}],"replies":[{"embeddable":true,"href":"https:\/\/estudiosgenealogicos.org\/genealogiadelaviolencia\/wp-json\/wp\/v2\/comments?post=619"}],"version-history":[{"count":1,"href":"https:\/\/estudiosgenealogicos.org\/genealogiadelaviolencia\/wp-json\/wp\/v2\/posts\/619\/revisions"}],"predecessor-version":[{"id":621,"href":"https:\/\/estudiosgenealogicos.org\/genealogiadelaviolencia\/wp-json\/wp\/v2\/posts\/619\/revisions\/621"}],"wp:attachment":[{"href":"https:\/\/estudiosgenealogicos.org\/genealogiadelaviolencia\/wp-json\/wp\/v2\/media?parent=619"}],"wp:term":[{"taxonomy":"category","embeddable":true,"href":"https:\/\/estudiosgenealogicos.org\/genealogiadelaviolencia\/wp-json\/wp\/v2\/categories?post=619"},{"taxonomy":"post_tag","embeddable":true,"href":"https:\/\/estudiosgenealogicos.org\/genealogiadelaviolencia\/wp-json\/wp\/v2\/tags?post=619"}],"curies":[{"name":"wp","href":"https:\/\/api.w.org\/{rel}","templated":true}]}}