{"id":95,"date":"2014-09-15T08:13:14","date_gmt":"2014-09-15T08:13:14","guid":{"rendered":"http:\/\/estudiosgenealogicos.org\/genealogiadelaviolencia\/?p=95"},"modified":"2018-09-30T06:53:57","modified_gmt":"2018-09-30T06:53:57","slug":"estigmatizacion-y-exterminio","status":"publish","type":"post","link":"https:\/\/estudiosgenealogicos.org\/genealogiadelaviolencia\/2014\/09\/15\/estigmatizacion-y-exterminio\/","title":{"rendered":"Estigmatizaci\u00f3n y exterminio [Libro digital]"},"content":{"rendered":"<p style=\"text-align: justify\"><a href=\"http:\/\/estudiosgenealogicos.org\/genealogiadelaviolencia\/files\/2014\/09\/Portada-Libro-copia.jpg\"><img loading=\"lazy\" decoding=\"async\" class=\"size-medium wp-image-34 alignright\" src=\"http:\/\/estudiosgenealogicos.org\/genealogiadelaviolencia\/files\/2014\/09\/Portada-Libro-copia-247x300.jpg\" alt=\"Portada Libro-Lomo\" width=\"247\" height=\"300\" srcset=\"https:\/\/estudiosgenealogicos.org\/genealogiadelaviolencia\/files\/2014\/09\/Portada-Libro-copia-247x300.jpg 247w, https:\/\/estudiosgenealogicos.org\/genealogiadelaviolencia\/files\/2014\/09\/Portada-Libro-copia-845x1024.jpg 845w, https:\/\/estudiosgenealogicos.org\/genealogiadelaviolencia\/files\/2014\/09\/Portada-Libro-copia.jpg 1042w\" sizes=\"auto, (max-width: 247px) 100vw, 247px\" \/><\/a><strong>LIBRO DIGITAL<\/strong><\/p>\n<p style=\"text-align: justify\"><strong>Autor:\u00a0<\/strong>Rafael \u00c1ngel G\u00f3mez Chore\u00f1o<\/p>\n<p style=\"text-align: justify\"><strong>T\u00edtulo:<\/strong><em>\u00a0<a title=\"Estigmatizaci\u00f3n y exterminio\" href=\"http:\/\/estudiosgenealogicos.org\/libro-estigmatizacion-y-exterminio\/\" target=\"_blank\" rel=\"noopener\"><strong>Estigmatizaci\u00f3n y exterminio. Apuntes para una genealog\u00eda de la violencia\u00a0<\/strong><\/a><\/em><a title=\"Estigmatizaci\u00f3n y exterminio\" href=\"http:\/\/estudiosgenealogicos.org\/libro-estigmatizacion-y-exterminio\/\" target=\"_blank\" rel=\"noopener\">[Libro digital]<\/a><\/p>\n<p style=\"text-align: justify\"><strong>Ciudad de edici\u00f3n:<\/strong> M\u00e9xico<\/p>\n<p style=\"text-align: justify\"><strong>Editorial:<\/strong> Centro de Estudios Geneal\u00f3gicos<\/p>\n<p style=\"text-align: justify\"><strong>A\u00f1o de publicaci\u00f3n:<\/strong> 2011<\/p>\n<p style=\"text-align: justify\"><strong>Colecci\u00f3n:<\/strong> Serie Uno<\/p>\n<p style=\"text-align: justify\"><strong>ISBN:<\/strong> 978-607-8218-01-1<\/p>\n","protected":false},"excerpt":{"rendered":"<p>LIBRO DIGITAL Autor:\u00a0Rafael \u00c1ngel G\u00f3mez Chore\u00f1o T\u00edtulo:\u00a0Estigmatizaci\u00f3n y exterminio. Apuntes para una genealog\u00eda de la violencia\u00a0[Libro digital] Ciudad de edici\u00f3n: M\u00e9xico Editorial: Centro de Estudios Geneal\u00f3gicos A\u00f1o de publicaci\u00f3n: 2011 Colecci\u00f3n: Serie Uno ISBN: 978-607-8218-01-1<\/p>\n","protected":false},"author":6,"featured_media":0,"comment_status":"open","ping_status":"open","sticky":false,"template":"","format":"standard","meta":{"_bbp_topic_count":0,"_bbp_reply_count":0,"_bbp_total_topic_count":0,"_bbp_total_reply_count":0,"_bbp_voice_count":0,"_bbp_anonymous_reply_count":0,"_bbp_topic_count_hidden":0,"_bbp_reply_count_hidden":0,"_bbp_forum_subforum_count":0,"footnotes":""},"categories":[2,17,10,19,13],"tags":[],"class_list":["post-95","post","type-post","status-publish","format-standard","hentry","category-genealogia-de-la-violencia","category-para-la-biblioteca","category-publicaciones-cege","category-recursos-digitales","category-serie-uno"],"_links":{"self":[{"href":"https:\/\/estudiosgenealogicos.org\/genealogiadelaviolencia\/wp-json\/wp\/v2\/posts\/95","targetHints":{"allow":["GET"]}}],"collection":[{"href":"https:\/\/estudiosgenealogicos.org\/genealogiadelaviolencia\/wp-json\/wp\/v2\/posts"}],"about":[{"href":"https:\/\/estudiosgenealogicos.org\/genealogiadelaviolencia\/wp-json\/wp\/v2\/types\/post"}],"author":[{"embeddable":true,"href":"https:\/\/estudiosgenealogicos.org\/genealogiadelaviolencia\/wp-json\/wp\/v2\/users\/6"}],"replies":[{"embeddable":true,"href":"https:\/\/estudiosgenealogicos.org\/genealogiadelaviolencia\/wp-json\/wp\/v2\/comments?post=95"}],"version-history":[{"count":8,"href":"https:\/\/estudiosgenealogicos.org\/genealogiadelaviolencia\/wp-json\/wp\/v2\/posts\/95\/revisions"}],"predecessor-version":[{"id":480,"href":"https:\/\/estudiosgenealogicos.org\/genealogiadelaviolencia\/wp-json\/wp\/v2\/posts\/95\/revisions\/480"}],"wp:attachment":[{"href":"https:\/\/estudiosgenealogicos.org\/genealogiadelaviolencia\/wp-json\/wp\/v2\/media?parent=95"}],"wp:term":[{"taxonomy":"category","embeddable":true,"href":"https:\/\/estudiosgenealogicos.org\/genealogiadelaviolencia\/wp-json\/wp\/v2\/categories?post=95"},{"taxonomy":"post_tag","embeddable":true,"href":"https:\/\/estudiosgenealogicos.org\/genealogiadelaviolencia\/wp-json\/wp\/v2\/tags?post=95"}],"curies":[{"name":"wp","href":"https:\/\/api.w.org\/{rel}","templated":true}]}}