{"id":32,"name":"Jesus Siguenza Garcia","url":"","description":"Estudiante de Filosof\u00eda en la UNAM. Curs\u00e9 un bachillerato teol\u00f3gico en el Centro de Estudios Franciscanos para Evangelizadores y Laicos (CEFEL) de 2010 a 2013, obteniendo el grado de Te\u00f3logo especialista en en Cristolog\u00eda.  \r\nMis ocupaciones son escolares y musicales.","link":"https:\/\/estudiosgenealogicos.org\/genealogiadelaviolencia\/author\/jesussiguenza\/","slug":"jesussiguenza","avatar_urls":{"24":"https:\/\/estudiosgenealogicos.org\/genealogiadelaviolencia\/wp-content\/uploads\/avatars\/32\/76d88af41578d754095a5b345b7edca6-bpthumb.jpg","48":"https:\/\/estudiosgenealogicos.org\/genealogiadelaviolencia\/wp-content\/uploads\/avatars\/32\/76d88af41578d754095a5b345b7edca6-bpthumb.jpg","96":"https:\/\/estudiosgenealogicos.org\/genealogiadelaviolencia\/wp-content\/uploads\/avatars\/32\/76d88af41578d754095a5b345b7edca6-bpfull.jpg"},"meta":{"_bbp_topic_count":0,"_bbp_reply_count":0,"_bbp_last_posted":0},"_links":{"self":[{"href":"https:\/\/estudiosgenealogicos.org\/genealogiadelaviolencia\/wp-json\/wp\/v2\/users\/32","targetHints":{"allow":["GET"]}}],"collection":[{"href":"https:\/\/estudiosgenealogicos.org\/genealogiadelaviolencia\/wp-json\/wp\/v2\/users"}]}}