{"id":83,"date":"2013-12-29T00:23:00","date_gmt":"2013-12-29T00:23:00","guid":{"rendered":"http:\/\/estudiosgenealogicos.org\/iriafatima\/?p=83"},"modified":"2020-04-29T01:01:14","modified_gmt":"2020-04-29T01:01:14","slug":"83","status":"publish","type":"post","link":"https:\/\/estudiosgenealogicos.org\/iriafatima\/2013\/12\/29\/83\/","title":{"rendered":"Primer Encuentro \u00abViolencia, encierro y subjetividad\u00bb"},"content":{"rendered":"\n<div class=\"wp-block-image\"><figure class=\"aligncenter size-large is-resized\"><img loading=\"lazy\" decoding=\"async\" src=\"http:\/\/estudiosgenealogicos.org\/iriafatima\/files\/2020\/04\/CARTEL-1-Encuentro-ENAH-791x1024.jpg\" alt=\"\" class=\"wp-image-84\" width=\"413\" height=\"533\" srcset=\"https:\/\/estudiosgenealogicos.org\/iriafatima\/files\/2020\/04\/CARTEL-1-Encuentro-ENAH-232x300.jpg 232w, https:\/\/estudiosgenealogicos.org\/iriafatima\/files\/2020\/04\/CARTEL-1-Encuentro-ENAH-1187x1536.jpg 1187w, https:\/\/estudiosgenealogicos.org\/iriafatima\/files\/2020\/04\/CARTEL-1-Encuentro-ENAH.jpg 1275w\" sizes=\"auto, (max-width: 413px) 100vw, 413px\" \/><\/figure><\/div>\n\n\n\n<h2 class=\"wp-block-heading\"><strong>An\u00e1lisis arqueol\u00f3gico de la hechicer\u00eda practicada por las mujeres en la Nueva Espa\u00f1a<\/strong><\/h2>\n\n\n\n<p>Ponencia presentada en el Primer Encuentro \u00abViolencia, encierro y subjetividad\u00bb, que se llev\u00f3 a cabo en el Auditorio Javier Romero de la Escuela Nacional de Antropolog\u00eda e Historia del 12 al 15 de mayo de 2003.<\/p>\n","protected":false},"excerpt":{"rendered":"<p>An\u00e1lisis arqueol\u00f3gico de la hechicer\u00eda practicada por las mujeres en la Nueva Espa\u00f1a Ponencia presentada en el Primer Encuentro \u00abViolencia, encierro y subjetividad\u00bb, que se llev\u00f3 a cabo en el Auditorio Javier Romero de la Escuela Nacional de Antropolog\u00eda e Historia del 12 al 15 de mayo de 2003.<\/p>\n","protected":false},"author":27,"featured_media":0,"comment_status":"open","ping_status":"open","sticky":false,"template":"","format":"standard","meta":{"_bbp_topic_count":0,"_bbp_reply_count":0,"_bbp_total_topic_count":0,"_bbp_total_reply_count":0,"_bbp_voice_count":0,"_bbp_anonymous_reply_count":0,"_bbp_topic_count_hidden":0,"_bbp_reply_count_hidden":0,"_bbp_forum_subforum_count":0,"footnotes":""},"categories":[5],"tags":[],"class_list":["post-83","post","type-post","status-publish","format-standard","hentry","category-difusion"],"_links":{"self":[{"href":"https:\/\/estudiosgenealogicos.org\/iriafatima\/wp-json\/wp\/v2\/posts\/83","targetHints":{"allow":["GET"]}}],"collection":[{"href":"https:\/\/estudiosgenealogicos.org\/iriafatima\/wp-json\/wp\/v2\/posts"}],"about":[{"href":"https:\/\/estudiosgenealogicos.org\/iriafatima\/wp-json\/wp\/v2\/types\/post"}],"author":[{"embeddable":true,"href":"https:\/\/estudiosgenealogicos.org\/iriafatima\/wp-json\/wp\/v2\/users\/27"}],"replies":[{"embeddable":true,"href":"https:\/\/estudiosgenealogicos.org\/iriafatima\/wp-json\/wp\/v2\/comments?post=83"}],"version-history":[{"count":4,"href":"https:\/\/estudiosgenealogicos.org\/iriafatima\/wp-json\/wp\/v2\/posts\/83\/revisions"}],"predecessor-version":[{"id":95,"href":"https:\/\/estudiosgenealogicos.org\/iriafatima\/wp-json\/wp\/v2\/posts\/83\/revisions\/95"}],"wp:attachment":[{"href":"https:\/\/estudiosgenealogicos.org\/iriafatima\/wp-json\/wp\/v2\/media?parent=83"}],"wp:term":[{"taxonomy":"category","embeddable":true,"href":"https:\/\/estudiosgenealogicos.org\/iriafatima\/wp-json\/wp\/v2\/categories?post=83"},{"taxonomy":"post_tag","embeddable":true,"href":"https:\/\/estudiosgenealogicos.org\/iriafatima\/wp-json\/wp\/v2\/tags?post=83"}],"curies":[{"name":"wp","href":"https:\/\/api.w.org\/{rel}","templated":true}]}}